{"id":7857,"date":"2022-07-11T16:14:45","date_gmt":"2022-07-11T19:14:45","guid":{"rendered":"https:\/\/www.confere.org.br\/wordpress\/?p=7857"},"modified":"2022-07-11T16:14:46","modified_gmt":"2022-07-11T19:14:46","slug":"ministerio-divulga-link-para-consumidor-denunciar-posto-de-combustivel","status":"publish","type":"post","link":"https:\/\/www.confere.org.br\/wordpress\/ministerio-divulga-link-para-consumidor-denunciar-posto-de-combustivel\/","title":{"rendered":"Minist\u00e9rio divulga link para consumidor denunciar posto de combust\u00edvel"},"content":{"rendered":"\n<p>O Minist\u00e9rio da Justi\u00e7a e Seguran\u00e7a P\u00fablica (MJSP) divulgou um&nbsp;<em>link<\/em>&nbsp;onde os consumidores podem fazer den\u00fancias na internet sobre o descumprimento do&nbsp;<a href=\"https:\/\/www.in.gov.br\/en\/web\/dou\/-\/decreto-n-11.121-de-6-de-julho-de-2022-413373170\" target=\"_blank\" rel=\"noreferrer noopener\">Decreto 11121\/2022<\/a>&nbsp;que obriga os postos de combust\u00edvel a&nbsp;<a href=\"https:\/\/agenciabrasil.ebc.com.br\/economia\/noticia\/2022-07\/postos-anunciarao-preco-de-combustivel-valido-antes-da-reducao-do-icms\" target=\"_blank\" rel=\"noreferrer noopener\">divulgar os valores cobrados por litro no dia 22 de junho<\/a>. O formul\u00e1rio, dispon\u00edvel no&nbsp;<a href=\"http:\/\/denuncia-combustivel.mj.gov.br\/\" target=\"_blank\" rel=\"noreferrer noopener\"><em>link<\/em>&nbsp;denuncia combust\u00edvel<\/a>, permite aos consumidores informar o nome do posto, a localiza\u00e7\u00e3o e se o estabelecimento informa em local vis\u00edvel o pre\u00e7o dos combust\u00edveis cobrado no dia 22 de junho e o pre\u00e7o atual. Tamb\u00e9m ser\u00e1 poss\u00edvel enviar uma foto do posto.<img src=\"https:\/\/agenciabrasil.ebc.com.br\/ebc.png?id=1470290&amp;o=node\"><img src=\"https:\/\/agenciabrasil.ebc.com.br\/ebc.gif?id=1470290&amp;o=node\"><\/p>\n\n\n\n<p>Editado no dia 6 de julho, o decreto determina que os postos devem disponibilizar aos consumidores informa\u00e7\u00f5es corretas, claras, precisas, ostensivas e leg\u00edveis sobre os pre\u00e7os dos combust\u00edveis automotivos praticados no estabelecimento em 22 de junho de 2022, de modo que os consumidores possam compar\u00e1-los com os pre\u00e7os no momento da compra. A determina\u00e7\u00e3o vale at\u00e9 31 de dezembro de 2022.<\/p>\n\n\n\n<p>O&nbsp;<a href=\"https:\/\/agenciabrasil.ebc.com.br\/economia\/noticia\/2022-06\/presidente-sanciona-com-vetos-lei-que-previa-compensacoes-de-icms\" target=\"_blank\" rel=\"noreferrer noopener\">decreto foi publicado logo ap\u00f3s a san\u00e7\u00e3o da Lei Complementar 194\/2022<\/a>&nbsp;que limitou a cobran\u00e7a do Imposto sobre Circula\u00e7\u00e3o de Mercadorias e Servi\u00e7os (ICMS) de combust\u00edveis \u00e0 al\u00edquota m\u00ednima de cada estado, que varia entre 17% e 18%.<\/p>\n\n\n\n<p>O decreto destaca, ainda, que os donos dos postos dever\u00e3o informar tamb\u00e9m, em separado, o valor aproximado relativo ao Imposto sobre Circula\u00e7\u00e3o de Mercadorias e sobre Presta\u00e7\u00f5es de Servi\u00e7os de Transporte Interestadual e Intermunicipal e de Comunica\u00e7\u00e3o (ICMS); o valor relativo \u00e0 Contribui\u00e7\u00e3o para os Programas de Integra\u00e7\u00e3o Social e de Forma\u00e7\u00e3o do Patrim\u00f4nio do Servidor P\u00fablico (PIS\/Pasep); e \u00e0 Contribui\u00e7\u00e3o para o Financiamento da Seguridade Social &#8211; Cofins; e, ainda, o valor relativo \u00e0 Contribui\u00e7\u00e3o de Interven\u00e7\u00e3o no Dom\u00ednio Econ\u00f4mico incidente sobre a importa\u00e7\u00e3o e a comercializa\u00e7\u00e3o de petr\u00f3leo e seus derivados, g\u00e1s natural e seus derivados, e \u00e1lcool et\u00edlico combust\u00edvel (Cide-combust\u00edveis).<\/p>\n\n\n\n<p>Nesta segunda-feira, a Secretaria Nacional do Consumidor (Senacon), \u00f3rg\u00e3o do MJSP, vai coordenar uma opera\u00e7\u00e3o com os Procons de todo o pa\u00eds para fiscalizar o cumprimento do decreto pelos postos. Amanh\u00e3 (12), a Senacon e a Ag\u00eancia Nacional do Petr\u00f3leo (ANP) v\u00e3o fiscalizar 250 distribuidoras para saber se o valor cobrado na revenda aos postos segue a redu\u00e7\u00e3o do imposto.<\/p>\n","protected":false},"excerpt":{"rendered":"<p>Segundo o minist\u00e9rio, a inten\u00e7\u00e3o \u00e9 saber se o valor cobrado na revenda aos postos segue a redu\u00e7\u00e3o do imposto para que o pre\u00e7o final seja repassado ao consumidor.<\/p>\n","protected":false},"author":3,"featured_media":2568,"comment_status":"closed","ping_status":"closed","sticky":false,"template":"","format":"standard","meta":[],"categories":[2],"tags":[],"_links":{"self":[{"href":"https:\/\/www.confere.org.br\/wordpress\/wp-json\/wp\/v2\/posts\/7857"}],"collection":[{"href":"https:\/\/www.confere.org.br\/wordpress\/wp-json\/wp\/v2\/posts"}],"about":[{"href":"https:\/\/www.confere.org.br\/wordpress\/wp-json\/wp\/v2\/types\/post"}],"author":[{"embeddable":true,"href":"https:\/\/www.confere.org.br\/wordpress\/wp-json\/wp\/v2\/users\/3"}],"replies":[{"embeddable":true,"href":"https:\/\/www.confere.org.br\/wordpress\/wp-json\/wp\/v2\/comments?post=7857"}],"version-history":[{"count":1,"href":"https:\/\/www.confere.org.br\/wordpress\/wp-json\/wp\/v2\/posts\/7857\/revisions"}],"predecessor-version":[{"id":7858,"href":"https:\/\/www.confere.org.br\/wordpress\/wp-json\/wp\/v2\/posts\/7857\/revisions\/7858"}],"wp:featuredmedia":[{"embeddable":true,"href":"https:\/\/www.confere.org.br\/wordpress\/wp-json\/wp\/v2\/media\/2568"}],"wp:attachment":[{"href":"https:\/\/www.confere.org.br\/wordpress\/wp-json\/wp\/v2\/media?parent=7857"}],"wp:term":[{"taxonomy":"category","embeddable":true,"href":"https:\/\/www.confere.org.br\/wordpress\/wp-json\/wp\/v2\/categories?post=7857"},{"taxonomy":"post_tag","embeddable":true,"href":"https:\/\/www.confere.org.br\/wordpress\/wp-json\/wp\/v2\/tags?post=7857"}],"curies":[{"name":"wp","href":"https:\/\/api.w.org\/{rel}","templated":true}]}}