{"id":7859,"date":"2022-07-11T17:03:10","date_gmt":"2022-07-11T20:03:10","guid":{"rendered":"https:\/\/www.confere.org.br\/wordpress\/?p=7859"},"modified":"2022-07-12T08:00:39","modified_gmt":"2022-07-12T11:00:39","slug":"core-rs-busca-apoio-para-aprovacao-do-pls-5-2015-na-camara-dos-deputados","status":"publish","type":"post","link":"https:\/\/www.confere.org.br\/wordpress\/core-rs-busca-apoio-para-aprovacao-do-pls-5-2015-na-camara-dos-deputados\/","title":{"rendered":"Core-RS busca apoio para aprova\u00e7\u00e3o do PLS 5\/2015 na C\u00e2mara dos Deputados"},"content":{"rendered":"\n<p>Na reuni\u00e3o, agradeceram, mais uma vez, pelo comprometimento do deputado para a retirada do <a href=\"https:\/\/www.camara.leg.br\/proposicoesWeb\/fichadetramitacao?idProposicao=2227703\">P<\/a><a rel=\"noreferrer noopener\" href=\"https:\/\/www.camara.leg.br\/proposicoesWeb\/fichadetramitacao?idProposicao=2227703\" target=\"_blank\">L 5.761\/2019 <\/a>e solicitaram aux\u00edlio para a aprova\u00e7\u00e3o do <a rel=\"noreferrer noopener\" href=\"https:\/\/www25.senado.leg.br\/web\/atividade\/materias\/-\/materia\/119590\" target=\"_blank\">PLS 5\/2015<\/a>, que agora tramitar\u00e1 na C\u00e2mara dos Deputados.<\/p>\n\n\n\n<p>\u201cContem com a minha colabora\u00e7\u00e3o irrestrita. Farei, sempre, tudo que tiver ao meu alcance, em qualquer circunst\u00e2ncia em prol da Representa\u00e7\u00e3o Comercial no Pa\u00eds\u201d, ressaltou o deputado.<\/p>\n\n\n\n<p>Ap\u00f3s intensa articula\u00e7\u00e3o e empenho deste Conselho Federal e dos Conselhos Regionais dos Representantes Comerciais (Cores), o PLS 5\/2015, do senador Paulo Paim (PT-RS), com relatoria do senador Wellington Fagundes (PL-MT), foi aprovado no\u00a0Senado\u00a0Federal.<\/p>\n\n\n\n<p>O referido projeto altera o enquadramento dos representantes comerciais no Simples Nacional, para reduzir a carga tribut\u00e1ria da atividade da Representa\u00e7\u00e3o Comercial, que passam a ser tributada entre 6% a 17,42% e n\u00e3o mais na faixa de 16,93% a 22,45%.<\/p>\n\n\n\n<p><\/p>\n","protected":false},"excerpt":{"rendered":"<p>Os delegados do Confere, Roberto Salvo, diretor-presidente do Core-RS, e  Jos\u00e9 Valdeci Pinto Rodrigues, diretor-secret\u00e1rio do Core-RS, estiveram reunidos nesta manh\u00e3 (11 de julho) com o deputado federal Afonso Motta (PDT-RS).<\/p>\n","protected":false},"author":3,"featured_media":7861,"comment_status":"closed","ping_status":"closed","sticky":false,"template":"","format":"standard","meta":[],"categories":[34,49,17],"tags":[],"_links":{"self":[{"href":"https:\/\/www.confere.org.br\/wordpress\/wp-json\/wp\/v2\/posts\/7859"}],"collection":[{"href":"https:\/\/www.confere.org.br\/wordpress\/wp-json\/wp\/v2\/posts"}],"about":[{"href":"https:\/\/www.confere.org.br\/wordpress\/wp-json\/wp\/v2\/types\/post"}],"author":[{"embeddable":true,"href":"https:\/\/www.confere.org.br\/wordpress\/wp-json\/wp\/v2\/users\/3"}],"replies":[{"embeddable":true,"href":"https:\/\/www.confere.org.br\/wordpress\/wp-json\/wp\/v2\/comments?post=7859"}],"version-history":[{"count":5,"href":"https:\/\/www.confere.org.br\/wordpress\/wp-json\/wp\/v2\/posts\/7859\/revisions"}],"predecessor-version":[{"id":7871,"href":"https:\/\/www.confere.org.br\/wordpress\/wp-json\/wp\/v2\/posts\/7859\/revisions\/7871"}],"wp:featuredmedia":[{"embeddable":true,"href":"https:\/\/www.confere.org.br\/wordpress\/wp-json\/wp\/v2\/media\/7861"}],"wp:attachment":[{"href":"https:\/\/www.confere.org.br\/wordpress\/wp-json\/wp\/v2\/media?parent=7859"}],"wp:term":[{"taxonomy":"category","embeddable":true,"href":"https:\/\/www.confere.org.br\/wordpress\/wp-json\/wp\/v2\/categories?post=7859"},{"taxonomy":"post_tag","embeddable":true,"href":"https:\/\/www.confere.org.br\/wordpress\/wp-json\/wp\/v2\/tags?post=7859"}],"curies":[{"name":"wp","href":"https:\/\/api.w.org\/{rel}","templated":true}]}}