{"id":7878,"date":"2022-07-13T16:00:23","date_gmt":"2022-07-13T19:00:23","guid":{"rendered":"https:\/\/www.confere.org.br\/wordpress\/?p=7878"},"modified":"2022-07-13T16:00:25","modified_gmt":"2022-07-13T19:00:25","slug":"diretoria-executiva-apresenta-novo-organograma-e-plano-de-cargos-e-salarios-da-entidade-aos-colaboradores","status":"publish","type":"post","link":"https:\/\/www.confere.org.br\/wordpress\/diretoria-executiva-apresenta-novo-organograma-e-plano-de-cargos-e-salarios-da-entidade-aos-colaboradores\/","title":{"rendered":"Diretoria-Executiva apresenta novo organograma e Plano de Cargos e Sal\u00e1rios da Entidade aos colaboradores"},"content":{"rendered":"\n<p>\u201cO PCS foi objeto de amplo estudo e atualiza\u00e7\u00e3o pela equipe t\u00e9cnica do Confere, posteriormente foi examinado e aprovado pelo Plen\u00e1rio na \u00faltima reuni\u00e3o. A revis\u00e3o completa do plano, com o consequente reenquadramento dos empregados, demandou minucioso levantamento sobre o impacto financeiro-or\u00e7ament\u00e1rio, o que pode ser feito ap\u00f3s a redu\u00e7\u00e3o de gastos com pessoal, resultante das exonera\u00e7\u00f5es e desligamentos praticados nos \u00faltimos 90 (noventa) dias, com a consequente reorganiza\u00e7\u00e3o administrativa da Entidade\u201d, explicou o diretor-tesoureiro, Sidney Fernandes Gutierrez.<\/p>\n\n\n\n<p>Para o diretor-presidente do Confere, Archimedes Cavalcanti J\u00fanior, havia a necessidade de melhoria na administra\u00e7\u00e3o dos recursos humanos da entidade, sobretudo, para o crescimento e a valoriza\u00e7\u00e3o permanente dos colaboradores: \u201cNosso objetivo \u00e9 resguardar e proteger o er\u00e1rio a m\u00e9dio e longo prazo, bem como modernizar a atual estrutura organizacional, com reconhecimento ao corpo funcional. Foram desfeitas as distor\u00e7\u00f5es existentes e agora trabalharemos para a reten\u00e7\u00e3o dos talentos.\u201d<\/p>\n\n\n\n<p>O Plano de Cargos e Sal\u00e1rios disp\u00f5e sobre as atribui\u00e7\u00f5es e oportunidades de desenvolvimento profissional, organograma e descri\u00e7\u00e3o das unidades e cargos, al\u00e9m de prever avalia\u00e7\u00e3o de desempenho para o alcance da excel\u00eancia na gest\u00e3o de pessoas.<\/p>\n\n\n\n<p>\u201cBuscamos praticar atos de gest\u00e3o administrativa, de forma a garantir o pleno funcionamento do Confere e ser um conselho de refer\u00eancia.\u00a0E os nossos colaboradores s\u00e3o participantes respons\u00e1veis nesse processo\u201d, frisou Jo\u00e3o Pedro da Silva Rosa, diretor-secret\u00e1rio.\u00a0<\/p>\n\n\n\n<figure class=\"wp-container-2 wp-block-gallery-1 wp-block-gallery columns-1 is-cropped\"><ul class=\"blocks-gallery-grid\"><li class=\"blocks-gallery-item\"><figure><img width=\"1024\" height=\"576\" src=\"https:\/\/www.confere.org.br\/wordpress\/wp-content\/uploads\/2022\/07\/ORGANOGRAMA-V8-1024x576.jpg\" alt=\"\" data-id=\"7879\" data-full-url=\"https:\/\/www.confere.org.br\/wordpress\/wp-content\/uploads\/2022\/07\/ORGANOGRAMA-V8.jpg\" data-link=\"https:\/\/www.confere.org.br\/wordpress\/?attachment_id=7879\" class=\"wp-image-7879\" srcset=\"https:\/\/www.confere.org.br\/wordpress\/wp-content\/uploads\/2022\/07\/ORGANOGRAMA-V8-1024x576.jpg 1024w, https:\/\/www.confere.org.br\/wordpress\/wp-content\/uploads\/2022\/07\/ORGANOGRAMA-V8-300x169.jpg 300w, https:\/\/www.confere.org.br\/wordpress\/wp-content\/uploads\/2022\/07\/ORGANOGRAMA-V8-768x432.jpg 768w, https:\/\/www.confere.org.br\/wordpress\/wp-content\/uploads\/2022\/07\/ORGANOGRAMA-V8.jpg 1280w\" sizes=\"(max-width: 1024px) 100vw, 1024px\" \/><\/figure><\/li><\/ul><\/figure>\n","protected":false},"excerpt":{"rendered":"<p>Em reuni\u00e3o, realizada hoje (13 de julho), na sede Rio de Janeiro, a Diretoria-Executiva do Confere exp\u00f4s, detalhadamente, o novo organograma e Plano de Cargos e Sal\u00e1rios da Entidade (PCS), tirou d\u00favidas e ouviu as sugest\u00f5es dos colaboradores.<\/p>\n","protected":false},"author":3,"featured_media":7880,"comment_status":"closed","ping_status":"closed","sticky":false,"template":"","format":"standard","meta":[],"categories":[34,49,17],"tags":[],"_links":{"self":[{"href":"https:\/\/www.confere.org.br\/wordpress\/wp-json\/wp\/v2\/posts\/7878"}],"collection":[{"href":"https:\/\/www.confere.org.br\/wordpress\/wp-json\/wp\/v2\/posts"}],"about":[{"href":"https:\/\/www.confere.org.br\/wordpress\/wp-json\/wp\/v2\/types\/post"}],"author":[{"embeddable":true,"href":"https:\/\/www.confere.org.br\/wordpress\/wp-json\/wp\/v2\/users\/3"}],"replies":[{"embeddable":true,"href":"https:\/\/www.confere.org.br\/wordpress\/wp-json\/wp\/v2\/comments?post=7878"}],"version-history":[{"count":1,"href":"https:\/\/www.confere.org.br\/wordpress\/wp-json\/wp\/v2\/posts\/7878\/revisions"}],"predecessor-version":[{"id":7881,"href":"https:\/\/www.confere.org.br\/wordpress\/wp-json\/wp\/v2\/posts\/7878\/revisions\/7881"}],"wp:featuredmedia":[{"embeddable":true,"href":"https:\/\/www.confere.org.br\/wordpress\/wp-json\/wp\/v2\/media\/7880"}],"wp:attachment":[{"href":"https:\/\/www.confere.org.br\/wordpress\/wp-json\/wp\/v2\/media?parent=7878"}],"wp:term":[{"taxonomy":"category","embeddable":true,"href":"https:\/\/www.confere.org.br\/wordpress\/wp-json\/wp\/v2\/categories?post=7878"},{"taxonomy":"post_tag","embeddable":true,"href":"https:\/\/www.confere.org.br\/wordpress\/wp-json\/wp\/v2\/tags?post=7878"}],"curies":[{"name":"wp","href":"https:\/\/api.w.org\/{rel}","templated":true}]}}