{"id":7882,"date":"2022-07-13T17:04:08","date_gmt":"2022-07-13T20:04:08","guid":{"rendered":"https:\/\/www.confere.org.br\/wordpress\/?p=7882"},"modified":"2022-09-08T14:41:39","modified_gmt":"2022-09-08T17:41:39","slug":"eleicao-core-sp-trienio-2022-2025","status":"publish","type":"post","link":"https:\/\/www.confere.org.br\/wordpress\/eleicao-core-sp-trienio-2022-2025\/","title":{"rendered":"ELEI\u00c7\u00c3O CORE-SP &#8211; TRI\u00caNIO 2022\/2025"},"content":{"rendered":"\n<p>1 &#8211; <a rel=\"noreferrer noopener\" href=\"https:\/\/www.confere.org.br\/wordpress\/wp-content\/uploads\/2022\/07\/Resolucao-2.029.pdf\" target=\"_blank\">Resolu\u00e7\u00e3o 2.029\/2022 &#8211; Confere<\/a> <\/p>\n\n\n\n<p><a href=\"https:\/\/www.confere.org.br\/wordpress\/wp-content\/uploads\/2022\/07\/res-eleicao-sp.pdf\" target=\"_blank\" rel=\"noreferrer noopener\">&#8211; Publica\u00e7\u00e3o do Di\u00e1rio Oficial da Uni\u00e3o de 14.07.2022<\/a><\/p>\n\n\n\n<p>2 \u2013 Edital de Convoca\u00e7\u00e3o<\/p>\n\n\n\n<p><a href=\"https:\/\/www.confere.org.br\/wordpress\/wp-content\/uploads\/2022\/07\/Edital-SP-DOU.pdf\" target=\"_blank\" rel=\"noreferrer noopener\">&#8211; Publica\u00e7\u00e3o do Di\u00e1rio Oficial da Uni\u00e3o de 13.07.2022<\/a><\/p>\n\n\n\n<p><a href=\"https:\/\/www.confere.org.br\/wordpress\/wp-content\/uploads\/2022\/07\/EDITAL-DE-CONVOCACAO-FOLHA-DE-S.PAULO_.pdf\" target=\"_blank\" rel=\"noreferrer noopener\">&#8211; Publica\u00e7\u00e3o do jornal &#8220;Folha de S.Paulo&#8221; de 13.07.2022<\/a><\/p>\n\n\n\n<p><a href=\"https:\/\/www.confere.org.br\/wordpress\/wp-content\/uploads\/2022\/07\/Regulamento-Eleitoral-SP.pdf\" target=\"_blank\" rel=\"noreferrer noopener\">3 &#8211; Regulamento Eleitoral<\/a><\/p>\n\n\n\n<p><a href=\"https:\/\/www.confere.org.br\/wordpress\/wp-content\/uploads\/2022\/07\/REQUERIMENTO-REGISTRO-DE-CHAPA-CORE-SP-1.pdf\" target=\"_blank\" rel=\"noreferrer noopener\">4 &#8211; Requerimento de Registro de Chapa<\/a><\/p>\n\n\n\n<p><a href=\"https:\/\/www.confere.org.br\/wordpress\/wp-content\/uploads\/2022\/07\/DECLARACAO-DE-AQUIESCENCIA-CORE-SP.pdf\" target=\"_blank\" rel=\"noreferrer noopener\">5 &#8211; Declara\u00e7\u00e3o de Aquiesc\u00eancia<\/a><\/p>\n\n\n\n<p><a rel=\"noreferrer noopener\" href=\"https:\/\/www.confere.org.br\/wordpress\/wp-content\/uploads\/2022\/07\/FICHA-DE-QUALIFICACAO-CORE-SP.pdf\" target=\"_blank\">6 &#8211; Ficha de Qualifica\u00e7\u00e3o<\/a><\/p>\n\n\n\n<p>7 &#8211; Aviso de Registro de Chapa<\/p>\n\n\n\n<p>P<a rel=\"noreferrer noopener\" href=\"https:\/\/www.confere.org.br\/wordpress\/wp-content\/uploads\/2022\/08\/Publicacao-Aviso-de-Registro-de-Chapa-DOU.pdf\" target=\"_blank\">ublicado no Di\u00e1rio Oficial da Uni\u00e3o, em 02\/08\/2022<\/a><\/p>\n\n\n\n<p><a rel=\"noreferrer noopener\" href=\"https:\/\/www.confere.org.br\/wordpress\/wp-content\/uploads\/2022\/08\/Publicacao-Aviso-de-Registro-de-Chapa-Folha-de-S.Paulo_.pdf\" target=\"_blank\">Publicado no Jornal &#8220;Folha de S. Paulo&#8221;, em 02\/08\/2022<\/a><\/p>\n","protected":false},"excerpt":{"rendered":"<p>Processo Eleitoral para composi\u00e7\u00e3o do Core-SP<\/p>\n","protected":false},"author":3,"featured_media":0,"comment_status":"closed","ping_status":"closed","sticky":false,"template":"","format":"standard","meta":[],"categories":[43],"tags":[],"_links":{"self":[{"href":"https:\/\/www.confere.org.br\/wordpress\/wp-json\/wp\/v2\/posts\/7882"}],"collection":[{"href":"https:\/\/www.confere.org.br\/wordpress\/wp-json\/wp\/v2\/posts"}],"about":[{"href":"https:\/\/www.confere.org.br\/wordpress\/wp-json\/wp\/v2\/types\/post"}],"author":[{"embeddable":true,"href":"https:\/\/www.confere.org.br\/wordpress\/wp-json\/wp\/v2\/users\/3"}],"replies":[{"embeddable":true,"href":"https:\/\/www.confere.org.br\/wordpress\/wp-json\/wp\/v2\/comments?post=7882"}],"version-history":[{"count":13,"href":"https:\/\/www.confere.org.br\/wordpress\/wp-json\/wp\/v2\/posts\/7882\/revisions"}],"predecessor-version":[{"id":8240,"href":"https:\/\/www.confere.org.br\/wordpress\/wp-json\/wp\/v2\/posts\/7882\/revisions\/8240"}],"wp:attachment":[{"href":"https:\/\/www.confere.org.br\/wordpress\/wp-json\/wp\/v2\/media?parent=7882"}],"wp:term":[{"taxonomy":"category","embeddable":true,"href":"https:\/\/www.confere.org.br\/wordpress\/wp-json\/wp\/v2\/categories?post=7882"},{"taxonomy":"post_tag","embeddable":true,"href":"https:\/\/www.confere.org.br\/wordpress\/wp-json\/wp\/v2\/tags?post=7882"}],"curies":[{"name":"wp","href":"https:\/\/api.w.org\/{rel}","templated":true}]}}