{"id":8089,"date":"2022-07-21T13:50:58","date_gmt":"2022-07-21T16:50:58","guid":{"rendered":"https:\/\/www.confere.org.br\/wordpress\/?p=8089"},"modified":"2022-07-21T14:37:36","modified_gmt":"2022-07-21T17:37:36","slug":"cores-sao-paulo-santa-catarina-e-parana-participam-da-fipan","status":"publish","type":"post","link":"https:\/\/www.confere.org.br\/wordpress\/cores-sao-paulo-santa-catarina-e-parana-participam-da-fipan\/","title":{"rendered":"Cores S\u00e3o Paulo, Santa Catarina e Paran\u00e1 participam da Fipan"},"content":{"rendered":"\n<p>A  27\u00aa edi\u00e7\u00e3o da\u00a0<strong>Fipan<\/strong>\u00a0\u2013 maior feira de panifica\u00e7\u00e3o e confeitaria da Am\u00e9rica Latina \u2013  est\u00e1 sendo realizada de 19 e 22 de julho, na Expo Center Norte, em S\u00e3o Paulo.<\/p>\n\n\n\n<p>Promovida pelo Sampap\u00e3o (Entidades de Panifica\u00e7\u00e3o e Confeitaria de S\u00e3o Paulo), a Fipan \u00e9 conhecida pelas muitas efetiva\u00e7\u00f5es de neg\u00f3cios realizadas durante o evento. A feira re\u00fane especialistas em produtos para que os visitantes possam aprimorar habilidades, otimizar sua produ\u00e7\u00e3o e aumentar o lucro \u2013 al\u00e9m de divulgar lan\u00e7amentos e inova\u00e7\u00f5es.<\/p>\n\n\n\n<p> O objetivo da participa\u00e7\u00e3o dos Conselhos em feiras \u00e9 atender representantes comerciais, empresas que contratam estes profissionais e p\u00fablico em geral, com abordagem nos estandes para orientar e alertar sobre a obrigatoriedade do registro regular no Conselho para o exerc\u00edcio da Representa\u00e7\u00e3o Comercial (Lei 4.886\/65). <\/p>\n\n\n\n<p>O evento \u00e9 ideal para networking: a Fipan marca forte presen\u00e7a no cen\u00e1rio internacional, com expositores da It\u00e1lia, Holanda, Portugal, Alemanha, China, Fran\u00e7a e Espanha. Ao longo dos quatro dias da feira, eventos paralelos &#8211; com palestras, demonstra\u00e7\u00f5es e cursos \u2013 oferecem novas t\u00e9cnicas para ampliar e modernizar o neg\u00f3cio.<\/p>\n\n\n\n<p><strong>Data:<\/strong>\u00a019 a 22 de julho<\/p>\n\n\n\n<p><strong>Hor\u00e1rio:<\/strong>&nbsp;13h \u00e0s 21h<\/p>\n\n\n\n<p><strong>Local:<\/strong>\u00a0Expo Center Norte \u2013 Rua Jos\u00e9 Bernardo Pinto, 333, Vila Guilherme, S\u00e3o Paulo. CEP 02055-000.<\/p>\n\n\n\n<figure class=\"wp-container-2 wp-block-gallery-1 wp-block-gallery columns-1 is-cropped\"><ul class=\"blocks-gallery-grid\"><li class=\"blocks-gallery-item\"><figure><img width=\"506\" height=\"675\" src=\"https:\/\/www.confere.org.br\/wordpress\/wp-content\/uploads\/2022\/07\/WhatsApp-Image-2022-07-21-at-11.40.46-e1658415934578.jpeg\" alt=\"\" data-id=\"8091\" data-full-url=\"https:\/\/www.confere.org.br\/wordpress\/wp-content\/uploads\/2022\/07\/WhatsApp-Image-2022-07-21-at-11.40.46-e1658415934578.jpeg\" data-link=\"https:\/\/www.confere.org.br\/wordpress\/?attachment_id=8091\" class=\"wp-image-8091\"\/><figcaption class=\"blocks-gallery-item__caption\">Sistema Confere\/Cores presente na Fipan<\/figcaption><\/figure><\/li><\/ul><\/figure>\n\n\n\n<p>Fonte: Core-SP<\/p>\n","protected":false},"excerpt":{"rendered":"<p>Diretores e colaboradores dos Regionais prestam orienta\u00e7\u00f5es gerais ao p\u00fablico e assessoria aos representantes comerciais<\/p>\n","protected":false},"author":3,"featured_media":8094,"comment_status":"closed","ping_status":"closed","sticky":false,"template":"","format":"standard","meta":[],"categories":[34,49,17],"tags":[],"_links":{"self":[{"href":"https:\/\/www.confere.org.br\/wordpress\/wp-json\/wp\/v2\/posts\/8089"}],"collection":[{"href":"https:\/\/www.confere.org.br\/wordpress\/wp-json\/wp\/v2\/posts"}],"about":[{"href":"https:\/\/www.confere.org.br\/wordpress\/wp-json\/wp\/v2\/types\/post"}],"author":[{"embeddable":true,"href":"https:\/\/www.confere.org.br\/wordpress\/wp-json\/wp\/v2\/users\/3"}],"replies":[{"embeddable":true,"href":"https:\/\/www.confere.org.br\/wordpress\/wp-json\/wp\/v2\/comments?post=8089"}],"version-history":[{"count":3,"href":"https:\/\/www.confere.org.br\/wordpress\/wp-json\/wp\/v2\/posts\/8089\/revisions"}],"predecessor-version":[{"id":8097,"href":"https:\/\/www.confere.org.br\/wordpress\/wp-json\/wp\/v2\/posts\/8089\/revisions\/8097"}],"wp:featuredmedia":[{"embeddable":true,"href":"https:\/\/www.confere.org.br\/wordpress\/wp-json\/wp\/v2\/media\/8094"}],"wp:attachment":[{"href":"https:\/\/www.confere.org.br\/wordpress\/wp-json\/wp\/v2\/media?parent=8089"}],"wp:term":[{"taxonomy":"category","embeddable":true,"href":"https:\/\/www.confere.org.br\/wordpress\/wp-json\/wp\/v2\/categories?post=8089"},{"taxonomy":"post_tag","embeddable":true,"href":"https:\/\/www.confere.org.br\/wordpress\/wp-json\/wp\/v2\/tags?post=8089"}],"curies":[{"name":"wp","href":"https:\/\/api.w.org\/{rel}","templated":true}]}}