{"id":8104,"date":"2022-07-24T20:06:50","date_gmt":"2022-07-24T23:06:50","guid":{"rendered":"https:\/\/www.confere.org.br\/wordpress\/?p=8104"},"modified":"2022-07-27T06:25:25","modified_gmt":"2022-07-27T09:25:25","slug":"nova-diretoria-do-core-mt-toma-posse-para-o-trienio-2022-2025","status":"publish","type":"post","link":"https:\/\/www.confere.org.br\/wordpress\/nova-diretoria-do-core-mt-toma-posse-para-o-trienio-2022-2025\/","title":{"rendered":"Nova Diretoria do Core-MT toma posse para o tri\u00eanio 2022\/2025"},"content":{"rendered":"\n<p>Compondo a mesa, estiveram presentes: Archimedes Cavalcanti J\u00fanior, diretor-presidente do Confere; Jo\u00e3o Carlos Gasparetto, diretor-presidente eleito para o Core-MT; Humberto Navarros, diretor-secret\u00e1rio da gest\u00e3o anterior do Core-MT; Jos\u00e9 Eurico Silva Oliveira, diretor-tesoureiro do Core-MA, representando o Sistema Confere\/Cores; Lu\u00eds Ant\u00f4nio Garcia, assessor parlamentar do senador Wellington Ant\u00f4nio Fagundes; Igor Cunha, superintendente da Fecom\u00e9rcio-MT; Alan Cosine Soares presidente do Sirecom-MT e membro da nova diretoria; Paulo C\u00e9sar Coelho Backes, presidente do Sindicato do Com\u00e9rcio Atacadista e Distribuidor (Sincad); Otaniel Rodrigues, presidente da Associa\u00e7\u00e3o dos Representantes Comerciais de Mato Grosso (Assorep-MT); e o deputado estadual Faissal&nbsp;Calil (PV-MT).<\/p>\n\n\n\n<p>Em seu discurso de posse, o novo presidente do Core-MT, Jo\u00e3o Carlos Gasparetto agradeceu a Deus pelo momento, a fam\u00edlia pelo apoio, aos amigos, representantes comerciais e colaboradores do Regional por todo suporte. Agradeceu, ainda, a presen\u00e7a das autoridades:<\/p>\n\n\n\n<p><em> \u201cAgrade\u00e7o muito a nossa Diretoria. Aos nove, meu muito obrigado. Iremos todos trabalhar juntos: Core e Confere. Tenho muita admira\u00e7\u00e3o pelo trabalho espetacular da nova Diretoria do Confere. Hoje \u00e9 um dia de agradecimento e aproveito para ratificar que precisamos de todos voc\u00eas para prestar o melhor servi\u00e7o para os representantes comerciais. Fomos eleitos para isso e faremos isso&#8221;.  Jo\u00e3o Carlos Gasparetto<\/em><\/p>\n\n\n\n<p>Para Archimedes Cavalcanti J\u00fanior, o grande objetivo da gest\u00e3o deve ser valorizar a Representa\u00e7\u00e3o Comercial, exercendo protagonismo, com iniciativas que impulsionem a atividade: <\/p>\n\n\n\n<p><em>\u201cDesejo \u00e0 nova Diretoria uma gest\u00e3o repleta de sucesso e de novas conquistas para a categoria<\/em>&#8220;. <em>Archimedes Cavalcanti J\u00fanior <\/em><\/p>\n\n\n\n<p>A cerim\u00f4nia contou, ainda, com a presen\u00e7a de Sidney Fernandes Gutierrez, diretor-tesoureiro do Confere; Jo\u00e3o Pedro da Silva Rosa, diretor-secret\u00e1rio do Confere; Paulo C\u00e9sar Nauiack, presidente do Core-PR; Celso Luis de Andrade, diretor-secret\u00e1rio do Core-PR; Davi Aparecido Silva Pereira, presidente do Core-TO; Izaac Pereira In\u00e1cio, procurador-geral do Confere; Bruna Guerra Lofrano, chefe do setor de suporte aos Regionais do Confere; e Mauro Gil, coordenador do Core-PR.<\/p>\n\n\n\n<p><strong>DIRETORIA ELEITA<\/strong><\/p>\n\n\n\n<p><strong>Diretor-Presidente:<\/strong> Jo\u00e3o Carlos Gasparetto<\/p>\n\n\n\n<p><strong>Diretor-Secret\u00e1rio: <\/strong>Alan Cosine Soares<\/p>\n\n\n\n<p><strong>Diretor-Tesoureiro: <\/strong>Enio Dalalio Junior<\/p>\n\n\n\n<p><strong>CONSELHEIROS DIRETORES SUPLENTES<\/strong><\/p>\n\n\n\n<p><strong>1\u00ba Diretor Suplente: <\/strong>Jean Karlo Moreira de Souza<\/p>\n\n\n\n<p><strong>2\u00ba Diretor Suplente: <\/strong>Jo\u00e3o Pedro Segundo Godoy<\/p>\n\n\n\n<p><strong>3\u00ba Diretor Suplente:<\/strong> Rodrigo Valmorbida<\/p>\n\n\n\n<p><strong>CONSELHEIROS COMPONENTES DA COMISS\u00c3O FISCAL<\/strong><\/p>\n\n\n\n<p><strong>Membros Efetivos:<\/strong><\/p>\n\n\n\n<p>Sirlei Nascimento dos Santos<\/p>\n\n\n\n<p>Rodrigo Pereira<a><\/a><\/p>\n\n\n\n<p>Vanderlei Aparecido Rossanelli<\/p>\n\n\n\n<p><strong>DELEGADOS REPRESENTANTES JUNTO AO CONFERE<\/strong><\/p>\n\n\n\n<p><strong>Efetivos:<\/strong> Jo\u00e3o Carlos Gasparetto e Alan Cosine Soares<\/p>\n\n\n\n<p><strong>Suplentes: <\/strong>Jean Karlo Moreira de Souza e Jo\u00e3o Pedro Segundo Godoy<\/p>\n","protected":false},"excerpt":{"rendered":"<p>Em cerim\u00f4nia realizada hoje, 24 de julho de 2022, na sede do Core-MT, em Cuiab\u00e1, foi empossada a nova Diretoria do Core-MT, eleita para o tri\u00eanio 2022\/2025, no pleito realizado em 29 de junho de 2022.<\/p>\n","protected":false},"author":3,"featured_media":8105,"comment_status":"closed","ping_status":"closed","sticky":false,"template":"","format":"standard","meta":[],"categories":[34,49,17],"tags":[],"_links":{"self":[{"href":"https:\/\/www.confere.org.br\/wordpress\/wp-json\/wp\/v2\/posts\/8104"}],"collection":[{"href":"https:\/\/www.confere.org.br\/wordpress\/wp-json\/wp\/v2\/posts"}],"about":[{"href":"https:\/\/www.confere.org.br\/wordpress\/wp-json\/wp\/v2\/types\/post"}],"author":[{"embeddable":true,"href":"https:\/\/www.confere.org.br\/wordpress\/wp-json\/wp\/v2\/users\/3"}],"replies":[{"embeddable":true,"href":"https:\/\/www.confere.org.br\/wordpress\/wp-json\/wp\/v2\/comments?post=8104"}],"version-history":[{"count":4,"href":"https:\/\/www.confere.org.br\/wordpress\/wp-json\/wp\/v2\/posts\/8104\/revisions"}],"predecessor-version":[{"id":8130,"href":"https:\/\/www.confere.org.br\/wordpress\/wp-json\/wp\/v2\/posts\/8104\/revisions\/8130"}],"wp:featuredmedia":[{"embeddable":true,"href":"https:\/\/www.confere.org.br\/wordpress\/wp-json\/wp\/v2\/media\/8105"}],"wp:attachment":[{"href":"https:\/\/www.confere.org.br\/wordpress\/wp-json\/wp\/v2\/media?parent=8104"}],"wp:term":[{"taxonomy":"category","embeddable":true,"href":"https:\/\/www.confere.org.br\/wordpress\/wp-json\/wp\/v2\/categories?post=8104"},{"taxonomy":"post_tag","embeddable":true,"href":"https:\/\/www.confere.org.br\/wordpress\/wp-json\/wp\/v2\/tags?post=8104"}],"curies":[{"name":"wp","href":"https:\/\/api.w.org\/{rel}","templated":true}]}}