{"id":8117,"date":"2022-07-26T10:41:03","date_gmt":"2022-07-26T13:41:03","guid":{"rendered":"https:\/\/www.confere.org.br\/wordpress\/?p=8117"},"modified":"2022-07-26T10:54:56","modified_gmt":"2022-07-26T13:54:56","slug":"confere-realiza-1a-formalizacao-de-posse-de-novos-delegados-e-reuniao-de-integracao-no-core-mt","status":"publish","type":"post","link":"https:\/\/www.confere.org.br\/wordpress\/confere-realiza-1a-formalizacao-de-posse-de-novos-delegados-e-reuniao-de-integracao-no-core-mt\/","title":{"rendered":"Confere realiza 1\u00aa formaliza\u00e7\u00e3o de posse de novos delegados e reuni\u00e3o de integra\u00e7\u00e3o no Core-MT"},"content":{"rendered":"\n<p>Em seguida, procedeu-se a realiza\u00e7\u00e3o de uma reuni\u00e3o para integra\u00e7\u00e3o da nova Diretoria do Core-MT, com a presen\u00e7a da Diretoria Executiva do Confere, \u00e1reas t\u00e9cnicas do Confere-Rio e Confere-Bras\u00edlia e os novos conselheiros do Regional cuiabano. &nbsp;<\/p>\n\n\n\n<p>Na ocasi\u00e3o, foram prestados diversos esclarecimentos quanto \u00e0 forma adequada de gest\u00e3o, necessidade de observ\u00e2ncia dos princ\u00edpios que regem \u00e0 administra\u00e7\u00e3o p\u00fablica, diretrizes emanadas do Conselho Federal, como Entidade maior do Sistema Confere\/Cores e \u00f3rg\u00e3os de controle, como o Tribunal de Contas da Uni\u00e3o.<\/p>\n\n\n\n<p>Paulo Porto, gerente geral do Confere, em sua apresenta\u00e7\u00e3o \u201cA Gest\u00e3o P\u00fablica nos Conselhos Profissionais e a responsabilidade da alta administra\u00e7\u00e3o\u201d, frisou que controle interno \u00e9 uma a\u00e7\u00e3o, uma atividade, um procedimento. \u00c9 um mecanismo para reduzir o risco da organiza\u00e7\u00e3o a um n\u00edvel aceit\u00e1vel:<\/p>\n\n\n\n<p><em>\u201cAl\u00e9m disso, \u00e9 necess\u00e1rio ressaltar que o controle interno \u00e9 de responsabilidade da gest\u00e3o, pois \u00e9 esta que deve gerenciar os riscos para obter maior probabilidade de atingir os seus objetivos. J\u00e1 o controle externo da gest\u00e3o no \u00e2mbito dos conselhos fica a cargo do Tribunal de Contas da Uni\u00e3o, a quem devemos prestar contas anualmente e de forma permanente. As pr\u00e1ticas de controle externo pela Controladoria Geral da Uni\u00e3o recaem sobre os Conselhos Profissionais nas seguintes mat\u00e9rias: transpar\u00eancia ativa das informa\u00e7\u00f5es e implementa\u00e7\u00e3o da governan\u00e7a e da integridade.\u201d<\/em><\/p>\n\n\n\n<p>O diretor-presidente do Confere, Archimedes Cavalcanti J\u00fanior, ressaltou a import\u00e2ncia da impessoalidade, economicidade e moralidade nas aquisi\u00e7\u00f5es p\u00fablicas: <em>\u201cN\u00e3o h\u00e1 efici\u00eancia na gest\u00e3o p\u00fablica quando esses pilares s\u00e3o ignorados.\u201d<\/em><\/p>\n\n\n\n<p>Para Jo\u00e3o Pedro Silva Rosa, diretor-secret\u00e1rio do Confere, o gestor p\u00fablico deve conhecer e aplicar as premissas legais: <em>\u201cNesta manh\u00e3, foram apresentados os principais dispositivos legais para uma boa gest\u00e3o e a correta aplica\u00e7\u00e3o dos recursos. Sabemos dos constantes desafios que enfrentamos como administradores p\u00fablicos e, por isso, formatamos essa reuni\u00e3o de integra\u00e7\u00e3o e fomento da boa gest\u00e3o p\u00fablica. Estejam certos da nossa prioridade em orient\u00e1-los e apoi\u00e1-los.\u201d<\/em><\/p>\n\n\n\n<p>O Manual de Conduta para os conselheiros das Entidades integrantes do Sistema Confere\/Cores foi entregue aos membros da nova Diretoria do Core-MT e Sidney Fernandes Gutierrez, diretor-tesoureiro do Confere, falou sobre a import\u00e2ncia de se promover boas pr\u00e1ticas de governan\u00e7a, especialmente na \u00e1rea de integridade, exercendo uma gest\u00e3o \u00e9tica e transparente \u2013 tanto no que se refere aos recursos financeiros e humanos, como no atendimento a todos os profissionais registrados.<\/p>\n\n\n\n<p>Atento a todas as orienta\u00e7\u00f5es, o novo presidente do Core-MT, Jo\u00e3o Carlos Gasparetto, comprometeu-se em realizar uma gest\u00e3o eficaz no Regional:<em> \u201cNosso trabalho ser\u00e1 pautado dentro da legalidade e da \u00e9tica. Fomos eleitos para prestar um excelente servi\u00e7o aos representantes comerciais. O Core precisa ser reconhecido pela categoria como o seu Conselho profissional.\u201d<\/em><\/p>\n","protected":false},"excerpt":{"rendered":"<p>No dia 25 de julho, em sess\u00e3o realizada na sede do Core-MT, em Cuiab\u00e1, o Confere empossou os novos delegados do Core-MT: Jo\u00e3o Carlos Gasparetto e Alan Cosine Soares.<\/p>\n","protected":false},"author":3,"featured_media":8118,"comment_status":"closed","ping_status":"closed","sticky":false,"template":"","format":"standard","meta":[],"categories":[34,49,17],"tags":[],"_links":{"self":[{"href":"https:\/\/www.confere.org.br\/wordpress\/wp-json\/wp\/v2\/posts\/8117"}],"collection":[{"href":"https:\/\/www.confere.org.br\/wordpress\/wp-json\/wp\/v2\/posts"}],"about":[{"href":"https:\/\/www.confere.org.br\/wordpress\/wp-json\/wp\/v2\/types\/post"}],"author":[{"embeddable":true,"href":"https:\/\/www.confere.org.br\/wordpress\/wp-json\/wp\/v2\/users\/3"}],"replies":[{"embeddable":true,"href":"https:\/\/www.confere.org.br\/wordpress\/wp-json\/wp\/v2\/comments?post=8117"}],"version-history":[{"count":2,"href":"https:\/\/www.confere.org.br\/wordpress\/wp-json\/wp\/v2\/posts\/8117\/revisions"}],"predecessor-version":[{"id":8125,"href":"https:\/\/www.confere.org.br\/wordpress\/wp-json\/wp\/v2\/posts\/8117\/revisions\/8125"}],"wp:featuredmedia":[{"embeddable":true,"href":"https:\/\/www.confere.org.br\/wordpress\/wp-json\/wp\/v2\/media\/8118"}],"wp:attachment":[{"href":"https:\/\/www.confere.org.br\/wordpress\/wp-json\/wp\/v2\/media?parent=8117"}],"wp:term":[{"taxonomy":"category","embeddable":true,"href":"https:\/\/www.confere.org.br\/wordpress\/wp-json\/wp\/v2\/categories?post=8117"},{"taxonomy":"post_tag","embeddable":true,"href":"https:\/\/www.confere.org.br\/wordpress\/wp-json\/wp\/v2\/tags?post=8117"}],"curies":[{"name":"wp","href":"https:\/\/api.w.org\/{rel}","templated":true}]}}