{"id":8131,"date":"2022-07-27T09:06:13","date_gmt":"2022-07-27T12:06:13","guid":{"rendered":"https:\/\/www.confere.org.br\/wordpress\/?p=8131"},"modified":"2022-07-27T09:06:15","modified_gmt":"2022-07-27T12:06:15","slug":"dificuldade-de-acesso-a-insumos-afeta-22-entre-25-setores-da-industria","status":"publish","type":"post","link":"https:\/\/www.confere.org.br\/wordpress\/dificuldade-de-acesso-a-insumos-afeta-22-entre-25-setores-da-industria\/","title":{"rendered":"Dificuldade de acesso a insumos afeta 22 entre 25 setores da ind\u00fastria"},"content":{"rendered":"\n<p>A guerra na Ucr\u00e2nia e os&nbsp;<em>lockdowns&nbsp;<\/em>em regi\u00f5es industriais da China est\u00e3o prolongando um problema que come\u00e7ou com a pandemia de covid-19, em 2020. A escassez ou o encarecimento de insumos afeta 22 de 25 setores da ind\u00fastria, revela levantamento da Confedera\u00e7\u00e3o Nacional da Ind\u00fastria (CNI).<img src=\"https:\/\/agenciabrasil.ebc.com.br\/ebc.png?id=1472809&amp;o=node\"><img src=\"https:\/\/agenciabrasil.ebc.com.br\/ebc.gif?id=1472809&amp;o=node\"><\/p>\n\n\n\n<p>Segundo a CNI, h\u00e1 oito trimestres seguidos as ind\u00fastrias citam a dificuldade de acesso a mat\u00e9rias-primas como o principal problema. No segundo trimestre deste ano, o setor mais afetado foi o das ind\u00fastrias de impress\u00e3o e reprodu\u00e7\u00e3o, com 71,7% das empresas citando o problema. Em seguida,v\u00eam os setores de limpeza, perfumaria e higiene pessoal (70%) e ind\u00fastrias de ve\u00edculos automotores (69,8%).<\/p>\n\n\n\n<p>Apenas tr\u00eas segmentos da ind\u00fastria n\u00e3o mencionaram a falta ou os pre\u00e7os altos das mat\u00e9rias-primas como o principal problema. Entre as ind\u00fastrias de couros e artefatos de couro o problema apareceu em terceiro lugar, citado por 37,2% das empresas entrevistadas. Nos segmentos de m\u00f3veis (38,7%) e de manuten\u00e7\u00e3o e repara\u00e7\u00e3o (45,5%), o problema ficou em segundo lugar na lista.<\/p>\n\n\n\n<p>Para a economista da CNI, Paula Verlangeiro, cerca de metade da produ\u00e7\u00e3o industrial \u00e9 consumida como insumo pela pr\u00f3pria ind\u00fastria. Dessa forma, a escassez ou os pre\u00e7os altos dos insumos n\u00e3o atingem apenas os fabricantes e se disseminam pela cadeia produtiva, atingindo o consumidor por meio de aumento de pre\u00e7os ou de queda na produ\u00e7\u00e3o.<\/p>\n\n\n\n<p>De acordo com a economista, os gargalos na cadeia log\u00edstica e produtiva provocados pela pandemia de covid-19, que persistiam desde o fim de 2020, foram agravados neste ano com a guerra entre R\u00fassia e Ucr\u00e2nia e os severos<em>&nbsp;lockdowns<\/em>&nbsp;na China. Esses dois \u00faltimos fatores atrasaram a normaliza\u00e7\u00e3o das cadeias globais de insumos, que ainda n\u00e3o tinham se recuperado da pandemia.<\/p>\n\n\n\n<p>A pesquisa revela, ainda, que os empres\u00e1rios acreditam que a situa\u00e7\u00e3o se normalizar\u00e1 apenas em 2023. \u201cDiante disso, as principais consequ\u00eancias s\u00e3o dificuldades em recuperar \u2013 ou manter &#8211; a produ\u00e7\u00e3o, o aumento dos pre\u00e7os de insumos e dos custos nas cadeias de produ\u00e7\u00e3o, al\u00e9m dos reajustes nos pre\u00e7os dos bens de consumo e a maior press\u00e3o sobre a infla\u00e7\u00e3o\u201d, explica a economista da CNI.<\/p>\n\n\n\n<h2>Juros altos<\/h2>\n\n\n\n<p>Al\u00e9m dos gargalos no acesso a mat\u00e9rias-primas, a pesquisa da CNI revelou que a alta dos juros preocupa a ind\u00fastria brasileira. Segundo o levantamento, 16 dos 25 dos setores analisados consideram as recentes eleva\u00e7\u00f5es da taxa Selic (juros b\u00e1sicos da economia brasileira) como um dos cinco principais problemas econ\u00f4micos.<\/p>\n\n\n\n<p>Para segurar a infla\u00e7\u00e3o, o Banco Central elevou a taxa Selic de 2% ao ano, em agosto de 2020, para 13,25% ao ano atualmente. Na avalia\u00e7\u00e3o da CNI, a alta \u00e9 excessiva e prejudica a produ\u00e7\u00e3o, o consumo e o emprego, ao encarecer o cr\u00e9dito.<\/p>\n\n\n\n<p>Segundo a CNI, a preocupa\u00e7\u00e3o com a taxa de juros cresce h\u00e1 cinco semestres seguidos, sendo cada vez mais citada pelos empres\u00e1rios industriais. Na divis\u00e3o por setores, os segmentos de produtos diversos e de ve\u00edculos automotores mencionaram a Selic como o segundo maior problema atual. Nos setores de alimentos, madeira, m\u00e1quinas e equipamentos, materiais el\u00e9tricos, metalurgia, t\u00eaxteis e vestu\u00e1rio e acess\u00f3rios, o item ocupa o terceiro lugar.<\/p>\n\n\n\n<p>Fonte: <a href=\"https:\/\/agenciabrasil.ebc.com.br\/economia\/noticia\/2022-07\/dificuldade-de-acesso-insumos-afeta-22-de-25-setores-da-industria\" target=\"_blank\" rel=\"noreferrer noopener\">Ag\u00eancia Brasil<\/a><\/p>\n","protected":false},"excerpt":{"rendered":"<p>Para CNI, lockdowns na China e guerra na Ucr\u00e2nia agravam problema<\/p>\n","protected":false},"author":3,"featured_media":5424,"comment_status":"closed","ping_status":"closed","sticky":false,"template":"","format":"standard","meta":[],"categories":[2],"tags":[],"_links":{"self":[{"href":"https:\/\/www.confere.org.br\/wordpress\/wp-json\/wp\/v2\/posts\/8131"}],"collection":[{"href":"https:\/\/www.confere.org.br\/wordpress\/wp-json\/wp\/v2\/posts"}],"about":[{"href":"https:\/\/www.confere.org.br\/wordpress\/wp-json\/wp\/v2\/types\/post"}],"author":[{"embeddable":true,"href":"https:\/\/www.confere.org.br\/wordpress\/wp-json\/wp\/v2\/users\/3"}],"replies":[{"embeddable":true,"href":"https:\/\/www.confere.org.br\/wordpress\/wp-json\/wp\/v2\/comments?post=8131"}],"version-history":[{"count":1,"href":"https:\/\/www.confere.org.br\/wordpress\/wp-json\/wp\/v2\/posts\/8131\/revisions"}],"predecessor-version":[{"id":8132,"href":"https:\/\/www.confere.org.br\/wordpress\/wp-json\/wp\/v2\/posts\/8131\/revisions\/8132"}],"wp:featuredmedia":[{"embeddable":true,"href":"https:\/\/www.confere.org.br\/wordpress\/wp-json\/wp\/v2\/media\/5424"}],"wp:attachment":[{"href":"https:\/\/www.confere.org.br\/wordpress\/wp-json\/wp\/v2\/media?parent=8131"}],"wp:term":[{"taxonomy":"category","embeddable":true,"href":"https:\/\/www.confere.org.br\/wordpress\/wp-json\/wp\/v2\/categories?post=8131"},{"taxonomy":"post_tag","embeddable":true,"href":"https:\/\/www.confere.org.br\/wordpress\/wp-json\/wp\/v2\/tags?post=8131"}],"curies":[{"name":"wp","href":"https:\/\/api.w.org\/{rel}","templated":true}]}}