{"id":8134,"date":"2022-07-27T13:42:22","date_gmt":"2022-07-27T16:42:22","guid":{"rendered":"https:\/\/www.confere.org.br\/wordpress\/?p=8134"},"modified":"2022-07-27T14:11:56","modified_gmt":"2022-07-27T17:11:56","slug":"core-ma-agora-conta-com-duas-delegacias","status":"publish","type":"post","link":"https:\/\/www.confere.org.br\/wordpress\/core-ma-agora-conta-com-duas-delegacias\/","title":{"rendered":"Core-MA agora conta com duas delegacias"},"content":{"rendered":"\n<p>Nas delegacias, o representante comercial pode receber a sua carteira profissional, atualizar cadastro, retirar certid\u00f5es, solicitar parcelamento de anuidades, cancelamento de registro ou pedir a suspens\u00e3o do registro por inatividade, al\u00e9m de esclarecer d\u00favidas etc.<\/p>\n\n\n\n<p>Para saber mais, entre em contato com a Delegacia Balsas\u00a0pelo\u00a0Telefone\/WhatsApp: (99) 9 9181-7455.<\/p>\n\n\n\n<p>A delegacia fica na Av. Raimundo F\u00e9lix, 40, Edif\u00edcio Buriti, sala 30, F\u00e1tima \u2013 Balsas \u2013 MA  (ao lado do Hiper Mateus).<\/p>\n\n\n\n<p>E-mail:\u00a0<a rel=\"noreferrer noopener\" href=\"mailto:agbalsas@coremaranhao.org.br\" target=\"_blank\">agbalsas@coremaranhao.org.br<\/a><\/p>\n\n\n\n<p> O contato da Delegacia em Imperatriz\u00a0\u00e9 (99) 3524-3079.<\/p>\n\n\n\n<p>Endere\u00e7o: Rua Bom Futuro, 455, Pal\u00e1cio do Com\u00e9rcio e Ind\u00fastria \u2013 Imperatriz \u2013 MA.<\/p>\n\n\n\n<p>E-mail:\u00a0<a rel=\"noreferrer noopener\" href=\"mailto:agimperatriz@coremaranhao.org.br\" target=\"_blank\">agimperatriz@coremaranhao.org.br<\/a>\u00a0\u00a0\u00a0\u00a0\u00a0\u00a0\u00a0\u00a0\u00a0\u00a0\u00a0\u00a0\u00a0\u00a0\u00a0\u00a0\u00a0\u00a0\u00a0\u00a0\u00a0\u00a0\u00a0\u00a0\u00a0\u00a0\u00a0\u00a0\u00a0\u00a0\u00a0\u00a0\u00a0\u00a0\u00a0\u00a0\u00a0\u00a0\u00a0\u00a0\u00a0\u00a0\u00a0\u00a0\u00a0\u00a0\u00a0\u00a0\u00a0\u00a0\u00a0\u00a0\u00a0\u00a0\u00a0\u00a0\u00a0\u00a0\u00a0\u00a0\u00a0\u00a0\u00a0\u00a0\u00a0\u00a0\u00a0\u00a0\u00a0\u00a0\u00a0\u00a0\u00a0\u00a0\u00a0\u00a0\u00a0\u00a0\u00a0\u00a0\u00a0\u00a0\u00a0\u00a0\u00a0<\/p>\n\n\n\n<p>Endere\u00e7o da Sede, em S\u00e3o Lu\u00eds:\u00a0Av. dos Holandeses, n\u00ba 14, Edif\u00edcio Century , 5\u00ba andar sala 501 \u2013 Ponta do Farol &#8211; S\u00e3o Lu\u00eds &#8211; MA.<\/p>\n\n\n\n<p>Fones (98) 3221-5022 \/ 3221-6046\u00a0<\/p>\n\n\n\n<p>E-mail:\u00a0<a rel=\"noreferrer noopener\" href=\"mailto:administra%C3%A7%C3%A3o@coremaranhao.org.br\" target=\"_blank\">administra\u00e7\u00e3o@coremaranhao.org.br<\/a>\u00a0\u00a0<\/p>\n\n\n\n<p>Mais informa\u00e7\u00f5es: <a rel=\"noreferrer noopener\" href=\"http:\/\/www.coremaranhao.org.br\/\" target=\"_blank\">www.coremaranhao.org.br<\/a> <\/p>\n","protected":false},"excerpt":{"rendered":"<p>A cidade de Balsas, distante, aproximadamente, 800 km da capital S\u00e3o Lu\u00eds, agora conta com uma Delegacia do Core-MA. <\/p>\n","protected":false},"author":3,"featured_media":8136,"comment_status":"closed","ping_status":"closed","sticky":false,"template":"","format":"standard","meta":[],"categories":[34,49,17],"tags":[],"_links":{"self":[{"href":"https:\/\/www.confere.org.br\/wordpress\/wp-json\/wp\/v2\/posts\/8134"}],"collection":[{"href":"https:\/\/www.confere.org.br\/wordpress\/wp-json\/wp\/v2\/posts"}],"about":[{"href":"https:\/\/www.confere.org.br\/wordpress\/wp-json\/wp\/v2\/types\/post"}],"author":[{"embeddable":true,"href":"https:\/\/www.confere.org.br\/wordpress\/wp-json\/wp\/v2\/users\/3"}],"replies":[{"embeddable":true,"href":"https:\/\/www.confere.org.br\/wordpress\/wp-json\/wp\/v2\/comments?post=8134"}],"version-history":[{"count":3,"href":"https:\/\/www.confere.org.br\/wordpress\/wp-json\/wp\/v2\/posts\/8134\/revisions"}],"predecessor-version":[{"id":8140,"href":"https:\/\/www.confere.org.br\/wordpress\/wp-json\/wp\/v2\/posts\/8134\/revisions\/8140"}],"wp:featuredmedia":[{"embeddable":true,"href":"https:\/\/www.confere.org.br\/wordpress\/wp-json\/wp\/v2\/media\/8136"}],"wp:attachment":[{"href":"https:\/\/www.confere.org.br\/wordpress\/wp-json\/wp\/v2\/media?parent=8134"}],"wp:term":[{"taxonomy":"category","embeddable":true,"href":"https:\/\/www.confere.org.br\/wordpress\/wp-json\/wp\/v2\/categories?post=8134"},{"taxonomy":"post_tag","embeddable":true,"href":"https:\/\/www.confere.org.br\/wordpress\/wp-json\/wp\/v2\/tags?post=8134"}],"curies":[{"name":"wp","href":"https:\/\/api.w.org\/{rel}","templated":true}]}}