{"id":8141,"date":"2022-07-27T16:22:12","date_gmt":"2022-07-27T19:22:12","guid":{"rendered":"https:\/\/www.confere.org.br\/wordpress\/?p=8141"},"modified":"2022-07-27T16:22:14","modified_gmt":"2022-07-27T19:22:14","slug":"dirigentes-do-core-df-participam-de-reuniao-com-o-presidente-do-confere","status":"publish","type":"post","link":"https:\/\/www.confere.org.br\/wordpress\/dirigentes-do-core-df-participam-de-reuniao-com-o-presidente-do-confere\/","title":{"rendered":"Dirigentes do Core-DF participam de reuni\u00e3o com o presidente do Confere"},"content":{"rendered":"\n<p>Na tarde desta quarta-feira  (27\/07\/2022), Wiliam Vicente Bernardes, diretor-presidente do Core-DF, e Milton Carlos da Silva, diretor-tesoureiro do Core-DF, estiveram reunidos com o presidente do Confere, Archimedes Cavalcanti J\u00fanior, em Bras\u00edlia, para falar sobre a realiza\u00e7\u00e3o de concurso p\u00fablico no \u00e2mbito do Sistema Confere\/Cores e o processo eleitoral do Regional.<\/p>\n\n\n\n<p>No encontro, tamb\u00e9m, foram abordados temas das \u00e1reas de gest\u00e3o p\u00fablica, jur\u00eddica, cont\u00e1bil e de atendimento ao representante comercial.<\/p>\n","protected":false},"excerpt":{"rendered":"<p>Demandas do Regional foram apresentadas.<\/p>\n","protected":false},"author":3,"featured_media":8142,"comment_status":"closed","ping_status":"closed","sticky":false,"template":"","format":"standard","meta":[],"categories":[34,49,17],"tags":[],"_links":{"self":[{"href":"https:\/\/www.confere.org.br\/wordpress\/wp-json\/wp\/v2\/posts\/8141"}],"collection":[{"href":"https:\/\/www.confere.org.br\/wordpress\/wp-json\/wp\/v2\/posts"}],"about":[{"href":"https:\/\/www.confere.org.br\/wordpress\/wp-json\/wp\/v2\/types\/post"}],"author":[{"embeddable":true,"href":"https:\/\/www.confere.org.br\/wordpress\/wp-json\/wp\/v2\/users\/3"}],"replies":[{"embeddable":true,"href":"https:\/\/www.confere.org.br\/wordpress\/wp-json\/wp\/v2\/comments?post=8141"}],"version-history":[{"count":1,"href":"https:\/\/www.confere.org.br\/wordpress\/wp-json\/wp\/v2\/posts\/8141\/revisions"}],"predecessor-version":[{"id":8143,"href":"https:\/\/www.confere.org.br\/wordpress\/wp-json\/wp\/v2\/posts\/8141\/revisions\/8143"}],"wp:featuredmedia":[{"embeddable":true,"href":"https:\/\/www.confere.org.br\/wordpress\/wp-json\/wp\/v2\/media\/8142"}],"wp:attachment":[{"href":"https:\/\/www.confere.org.br\/wordpress\/wp-json\/wp\/v2\/media?parent=8141"}],"wp:term":[{"taxonomy":"category","embeddable":true,"href":"https:\/\/www.confere.org.br\/wordpress\/wp-json\/wp\/v2\/categories?post=8141"},{"taxonomy":"post_tag","embeddable":true,"href":"https:\/\/www.confere.org.br\/wordpress\/wp-json\/wp\/v2\/tags?post=8141"}],"curies":[{"name":"wp","href":"https:\/\/api.w.org\/{rel}","templated":true}]}}