{"id":8156,"date":"2022-07-29T09:48:59","date_gmt":"2022-07-29T12:48:59","guid":{"rendered":"https:\/\/www.confere.org.br\/wordpress\/?p=8156"},"modified":"2022-07-29T09:49:01","modified_gmt":"2022-07-29T12:49:01","slug":"core-sp-promove-palestra-oportunidades-em-tempos-de-crise","status":"publish","type":"post","link":"https:\/\/www.confere.org.br\/wordpress\/core-sp-promove-palestra-oportunidades-em-tempos-de-crise\/","title":{"rendered":"Core-SP promove palestra &#8220;Oportunidades em tempos de crise&#8221;"},"content":{"rendered":"\n<p>Confira alguns dos temas que ser\u00e3o abordados na palestra, com Aguinaldo Oliveira:<\/p>\n\n\n\n<ul><li>A import\u00e2ncia de enxergar novos neg\u00f3cios<\/li><li>A quebra de resist\u00eancia as novas ferramentas dispon\u00edveis no mercado<\/li><li>O poder do relacionamento como networking e o bom ambiente corporativo<\/li><li>A alian\u00e7a como diferen\u00e7a para o sucesso<\/li><li>Como os exemplos positivos est\u00e3o atrelados a sua imagem<\/li><\/ul>\n\n\n\n<p><strong>Sobre o palestrante<\/strong>:<\/p>\n\n\n\n<p>Aguinaldo Oliveira come\u00e7ou sua carreira aos 13 anos trabalhando no com\u00e9rcio, teve uma breve passagem pelo jornalismo, atuou como diretor comercial e foi empres\u00e1rio por quase 20 anos. Hoje, \u00e9 palestrante corporativo e treinador de equipes especializado em empreendedorismo, vendas e atendimento ao cliente. \u00c9 idealizador e apresentador do programa de TV \u201cCaf\u00e9 Corporativo\u201d, colunista em v\u00e1rias emissoras de r\u00e1dio em S\u00e3o Paulo e na Bahia. Tamb\u00e9m \u00e9 coautor do livro \u201cManual Completo de Empreendedorismo\u201d.<\/p>\n\n\n\n<p><a rel=\"noreferrer noopener\" href=\"https:\/\/www.core-sp.org.br\/cursos\/40\/inscricao\" target=\"_blank\">Clique aqui e inscreva-se!<\/a>  A palestra tem uma hora de dura\u00e7\u00e3o e \u00e9 gratuita, mas aten\u00e7\u00e3o: as vagas s\u00e3o limitadas. <\/p>\n\n\n\n<p><strong>Programe-se<\/strong>!<\/p>\n\n\n\n<p>Data: 25 de agosto (quinta-feira), das 18h30 \u00e0s 21h, com coffee break, na Casa do Representante \u2013 sede do Core-SP -, na Av. Brigadeiro Luis Ant\u00f4nio, 613, 1\u00ba andar, Bela Vista, S\u00e3o Paulo.\u00a0 <\/p>\n","protected":false},"excerpt":{"rendered":"<p>Programe-se e fa\u00e7a a sua inscri\u00e7\u00e3o: o evento ocorrer\u00e1 no dia 25 de agosto, das 18h30 \u00e0s 21h<\/p>\n","protected":false},"author":3,"featured_media":8157,"comment_status":"closed","ping_status":"closed","sticky":false,"template":"","format":"standard","meta":[],"categories":[34,49,17],"tags":[],"_links":{"self":[{"href":"https:\/\/www.confere.org.br\/wordpress\/wp-json\/wp\/v2\/posts\/8156"}],"collection":[{"href":"https:\/\/www.confere.org.br\/wordpress\/wp-json\/wp\/v2\/posts"}],"about":[{"href":"https:\/\/www.confere.org.br\/wordpress\/wp-json\/wp\/v2\/types\/post"}],"author":[{"embeddable":true,"href":"https:\/\/www.confere.org.br\/wordpress\/wp-json\/wp\/v2\/users\/3"}],"replies":[{"embeddable":true,"href":"https:\/\/www.confere.org.br\/wordpress\/wp-json\/wp\/v2\/comments?post=8156"}],"version-history":[{"count":1,"href":"https:\/\/www.confere.org.br\/wordpress\/wp-json\/wp\/v2\/posts\/8156\/revisions"}],"predecessor-version":[{"id":8158,"href":"https:\/\/www.confere.org.br\/wordpress\/wp-json\/wp\/v2\/posts\/8156\/revisions\/8158"}],"wp:featuredmedia":[{"embeddable":true,"href":"https:\/\/www.confere.org.br\/wordpress\/wp-json\/wp\/v2\/media\/8157"}],"wp:attachment":[{"href":"https:\/\/www.confere.org.br\/wordpress\/wp-json\/wp\/v2\/media?parent=8156"}],"wp:term":[{"taxonomy":"category","embeddable":true,"href":"https:\/\/www.confere.org.br\/wordpress\/wp-json\/wp\/v2\/categories?post=8156"},{"taxonomy":"post_tag","embeddable":true,"href":"https:\/\/www.confere.org.br\/wordpress\/wp-json\/wp\/v2\/tags?post=8156"}],"curies":[{"name":"wp","href":"https:\/\/api.w.org\/{rel}","templated":true}]}}