{"id":8159,"date":"2022-08-01T08:53:35","date_gmt":"2022-08-01T11:53:35","guid":{"rendered":"https:\/\/www.confere.org.br\/wordpress\/?p=8159"},"modified":"2022-08-01T08:53:37","modified_gmt":"2022-08-01T11:53:37","slug":"desempenho-da-pequena-industria-melhora-mas-materia-prima-preocupa","status":"publish","type":"post","link":"https:\/\/www.confere.org.br\/wordpress\/desempenho-da-pequena-industria-melhora-mas-materia-prima-preocupa\/","title":{"rendered":"Desempenho da pequena ind\u00fastria melhora, mas mat\u00e9ria-prima preocupa"},"content":{"rendered":"\n<p>Segundo o Panorama da Pequena Ind\u00fastria, h\u00e1 nas empresas de menor porte uma percep\u00e7\u00e3o de melhora da situa\u00e7\u00e3o financeira, na compara\u00e7\u00e3o com o mesmo trimestre de anos anteriores.\u00a0<\/p>\n\n\n\n<p>\u201cOs empres\u00e1rios seguem otimistas e as perspectivas para a pequena ind\u00fastria seguem em patamar positivo\u201d, indica o documento da CNI ao informar que o \u201cdesempenho m\u00e9dio do trimestre\u201d em 2022, para a pequena ind\u00fastria, ficou em 47,4 pontos.<\/p>\n\n\n\n<p>O resultado do segundo trimestre est\u00e1 acima do anotado no primeiro trimestre de 2022 (45,5 pontos), bem como da m\u00e9dia do segundo trimestre de 2021 (46,5 pontos).<\/p>\n\n\n\n<p>Em junho, o \u00edndice de desempenho registrou 47,5 pontos, uma alta de 4,8 pontos na compara\u00e7\u00e3o com a m\u00e9dia dos meses de junho para anos anteriores. O Panorama da Pequena Ind\u00fastria \u00e9 um levantamento trimestral que elenca quatro indicadores: desempenho, situa\u00e7\u00e3o financeira, perspectivas e \u00edndice de confian\u00e7a. Todos os \u00edndices variam de zero a 100 pontos. Quanto maior for, melhor \u00e9 a performance do setor.<\/p>\n\n\n\n<h2>Mat\u00e9rias-primas<\/h2>\n\n\n\n<p>A indica\u00e7\u00e3o de otimismo, no entanto, vem acompanhada de \u201cpreocupa\u00e7\u00e3o com a falta ou o alto custo das mat\u00e9rias-primas que continua em alta para a pequena ind\u00fastria\u201d, que aponta esse problema como \u201cdesafio para as micro e pequenas ind\u00fastrias brasileiras\u201d.<\/p>\n\n\n\n<p>No segundo trimestre deste ano, a falta ou o alto custo da mat\u00e9ria-prima foi o \u201cproblema mais assinalado\u201d com 51,8% das cita\u00e7\u00f5es no ranking que abrange pequenas empresas dos setores extrativo, de transforma\u00e7\u00e3o e de constru\u00e7\u00e3o, seguido de elevada carga tribut\u00e1ria (35,8%). Em terceiro lugar, entre os principais problemas enfrentados pela pequena ind\u00fastria, est\u00e1 a preocupa\u00e7\u00e3o com \u201cdemanda interna insuficiente\u201d.<\/p>\n\n\n\n<p>\u201cO problema [de falta ou alto custo da mat\u00e9ria-prima] continua em primeiro lugar para todos os segmentos industriais e, apesar de ter sofrido redu\u00e7\u00e3o nas assinala\u00e7\u00f5es para a transforma\u00e7\u00e3o (-6,9 pontos percentuais (pp) e para a extrativa e (-6,8 pp), o percentual aumentou para a ind\u00fastria da constru\u00e7\u00e3o (+5,4 pp) no segundo trimestre de 2022\u201d, informa a pesquisa.<\/p>\n\n\n\n<h2>Finan\u00e7as e perspectivas<\/h2>\n\n\n\n<p>Para a CNI, o \u00cdndice de Situa\u00e7\u00e3o Financeira das pequenas ind\u00fastrias teve \u201cligeira melhora\u201d, marcando 41,2 pontos no segundo trimestre de 2022, \u00edndice que apresenta acr\u00e9scimo de 0,2 ponto na compara\u00e7\u00e3o com o primeiro trimestre.<\/p>\n\n\n\n<p>O \u00cdndice de Confian\u00e7a do Empres\u00e1rio Industrial (ICEI) para a pequena ind\u00fastria mostrou \u201cconfian\u00e7a relativamente elevada e disseminada\u201d, uma vez que, desde o in\u00edcio do ano, a confian\u00e7a \u201csegue oscilando acima da m\u00e9dia hist\u00f3rica de 52,8 pontos em torno dos 57,0 pontos\u201d, informou a CNI.<\/p>\n\n\n\n<p>J\u00e1 o \u00cdndice de Perspectivas da pequena ind\u00fastria apontou queda de 0,9 ponto em julho de 2022, passando para 51,3 pontos. Este \u00edndice avalia as percep\u00e7\u00f5es dos empres\u00e1rios para os pr\u00f3ximos meses.<\/p>\n\n\n\n<p>O levantamento da CNI \u00e9 trimestral e tem como base a an\u00e1lise dos dados da pequena ind\u00fastria levantados na Sondagem Industrial, na Sondagem Ind\u00fastria da Constru\u00e7\u00e3o e no \u00cdndice de Confian\u00e7a do Empres\u00e1rio Industrial (Icei). As pesquisas ouvem, todos os meses, cerca de 900 empres\u00e1rios de empresas de pequeno porte.<\/p>\n\n\n\n<p>Fonte: <a href=\"https:\/\/agenciabrasil.ebc.com.br\/economia\/noticia\/2022-07\/desempenho-da-pequena-industria-melhora-mas-materia-prima-preocupa\" target=\"_blank\" rel=\"noreferrer noopener\">Ag\u00eancia Brasil<\/a><\/p>\n","protected":false},"excerpt":{"rendered":"<p>As micro e pequenas empresas brasileiras apresentaram bom desempenho no segundo trimestre de 2022, mas est\u00e3o preocupadas com a falta ou com o alto custo dos insumos usados como mat\u00e9ria-prima, segundo levantamento divulgado hoje (1\u00ba) pela Confedera\u00e7\u00e3o Nacional da Ind\u00fastria (CNI).<\/p>\n","protected":false},"author":3,"featured_media":6466,"comment_status":"closed","ping_status":"closed","sticky":false,"template":"","format":"standard","meta":[],"categories":[17,2],"tags":[],"_links":{"self":[{"href":"https:\/\/www.confere.org.br\/wordpress\/wp-json\/wp\/v2\/posts\/8159"}],"collection":[{"href":"https:\/\/www.confere.org.br\/wordpress\/wp-json\/wp\/v2\/posts"}],"about":[{"href":"https:\/\/www.confere.org.br\/wordpress\/wp-json\/wp\/v2\/types\/post"}],"author":[{"embeddable":true,"href":"https:\/\/www.confere.org.br\/wordpress\/wp-json\/wp\/v2\/users\/3"}],"replies":[{"embeddable":true,"href":"https:\/\/www.confere.org.br\/wordpress\/wp-json\/wp\/v2\/comments?post=8159"}],"version-history":[{"count":1,"href":"https:\/\/www.confere.org.br\/wordpress\/wp-json\/wp\/v2\/posts\/8159\/revisions"}],"predecessor-version":[{"id":8160,"href":"https:\/\/www.confere.org.br\/wordpress\/wp-json\/wp\/v2\/posts\/8159\/revisions\/8160"}],"wp:featuredmedia":[{"embeddable":true,"href":"https:\/\/www.confere.org.br\/wordpress\/wp-json\/wp\/v2\/media\/6466"}],"wp:attachment":[{"href":"https:\/\/www.confere.org.br\/wordpress\/wp-json\/wp\/v2\/media?parent=8159"}],"wp:term":[{"taxonomy":"category","embeddable":true,"href":"https:\/\/www.confere.org.br\/wordpress\/wp-json\/wp\/v2\/categories?post=8159"},{"taxonomy":"post_tag","embeddable":true,"href":"https:\/\/www.confere.org.br\/wordpress\/wp-json\/wp\/v2\/tags?post=8159"}],"curies":[{"name":"wp","href":"https:\/\/api.w.org\/{rel}","templated":true}]}}