{"id":8164,"date":"2022-08-02T10:17:58","date_gmt":"2022-08-02T13:17:58","guid":{"rendered":"https:\/\/www.confere.org.br\/wordpress\/?p=8164"},"modified":"2022-08-02T15:01:49","modified_gmt":"2022-08-02T18:01:49","slug":"a-partir-de-8-de-agosto-o-confere-rio-estara-em-novas-instalacoes","status":"publish","type":"post","link":"https:\/\/www.confere.org.br\/wordpress\/a-partir-de-8-de-agosto-o-confere-rio-estara-em-novas-instalacoes\/","title":{"rendered":"A partir de 8 de agosto, o Confere Rio estar\u00e1 em novas instala\u00e7\u00f5es"},"content":{"rendered":"\n<p>A nova sede do Confere Rio \u00e9 ampla, moderna e acess\u00edvel, permitindo melhores condi\u00e7\u00f5es de trabalho&nbsp;aos colaboradores e maior integra\u00e7\u00e3o entre os setores.<br><br>\u201cEra comum que cada departamento fosse visto de forma isolada, preocupando-se, apenas, com as suas responsabilidades. Entretanto, sabemos que quando n\u00e3o h\u00e1 integra\u00e7\u00e3o e di\u00e1logo entre as equipes, a ocorr\u00eancia de erros e retrabalho \u00e9 maior. Na sede Rio, era vis\u00edvel a necessidade de melhoria em sua estrutura f\u00edsica. Com a mudan\u00e7a, buscamos promover a qualidade e a seguran\u00e7a no ambiente de trabalho, al\u00e9m da integra\u00e7\u00e3o dos colaboradores, como uma das prioridades da nova Diretoria. &nbsp;O retorno, certamente, vir\u00e1 na forma de engajamento, boas rela\u00e7\u00f5es de trabalho,&nbsp;efici\u00eancia&nbsp;e crescimento do Sistema Confere\/Cores como um todo\u201d, ressaltou Jo\u00e3o Pedro da Silva Rosa, diretor-secret\u00e1rio do Confere. <\/p>\n\n\n\n<p>A transfer\u00eancia da sede Rio foi autorizada pela unanimidade dos delegados do Confere, em Reuni\u00e3o Plen\u00e1ria, realizada no dia 19 de abril de 2022, em raz\u00e3o das prec\u00e1rias condi\u00e7\u00f5es das instala\u00e7\u00f5es de trabalho e riscos na rede el\u00e9trica da antiga sede.<br><\/p>\n\n\n\n<p><strong>Servi\u00e7o<\/strong><\/p>\n\n\n\n<p>Novo endere\u00e7o: Edif\u00edcio Buenos Aires Corporate &#8211; Rua Buenos Aires, n\u00ba 15 \/ 8\u00ba andar, Centro<br>Hor\u00e1rios de funcionamento: &nbsp;de segunda a sexta das 8h30 \u00e0s 17h.<br>Telefones: (21) 2533-5675 e 2533-0955<\/p>\n","protected":false},"excerpt":{"rendered":"<p>Espa\u00e7o integrado e moderno, fica, tamb\u00e9m, no Centro do Rio: Rua Buenos Aires, n\u00ba 15 \/ 8\u00ba andar<\/p>\n","protected":false},"author":3,"featured_media":8189,"comment_status":"closed","ping_status":"closed","sticky":false,"template":"","format":"standard","meta":[],"categories":[34,49,17],"tags":[],"_links":{"self":[{"href":"https:\/\/www.confere.org.br\/wordpress\/wp-json\/wp\/v2\/posts\/8164"}],"collection":[{"href":"https:\/\/www.confere.org.br\/wordpress\/wp-json\/wp\/v2\/posts"}],"about":[{"href":"https:\/\/www.confere.org.br\/wordpress\/wp-json\/wp\/v2\/types\/post"}],"author":[{"embeddable":true,"href":"https:\/\/www.confere.org.br\/wordpress\/wp-json\/wp\/v2\/users\/3"}],"replies":[{"embeddable":true,"href":"https:\/\/www.confere.org.br\/wordpress\/wp-json\/wp\/v2\/comments?post=8164"}],"version-history":[{"count":4,"href":"https:\/\/www.confere.org.br\/wordpress\/wp-json\/wp\/v2\/posts\/8164\/revisions"}],"predecessor-version":[{"id":8190,"href":"https:\/\/www.confere.org.br\/wordpress\/wp-json\/wp\/v2\/posts\/8164\/revisions\/8190"}],"wp:featuredmedia":[{"embeddable":true,"href":"https:\/\/www.confere.org.br\/wordpress\/wp-json\/wp\/v2\/media\/8189"}],"wp:attachment":[{"href":"https:\/\/www.confere.org.br\/wordpress\/wp-json\/wp\/v2\/media?parent=8164"}],"wp:term":[{"taxonomy":"category","embeddable":true,"href":"https:\/\/www.confere.org.br\/wordpress\/wp-json\/wp\/v2\/categories?post=8164"},{"taxonomy":"post_tag","embeddable":true,"href":"https:\/\/www.confere.org.br\/wordpress\/wp-json\/wp\/v2\/tags?post=8164"}],"curies":[{"name":"wp","href":"https:\/\/api.w.org\/{rel}","templated":true}]}}