{"id":8191,"date":"2022-08-02T16:02:52","date_gmt":"2022-08-02T19:02:52","guid":{"rendered":"https:\/\/www.confere.org.br\/wordpress\/?p=8191"},"modified":"2022-08-02T16:45:26","modified_gmt":"2022-08-02T19:45:26","slug":"core-pe-na-ficons-2022","status":"publish","type":"post","link":"https:\/\/www.confere.org.br\/wordpress\/core-pe-na-ficons-2022\/","title":{"rendered":"Core-PE na FICONS 2022"},"content":{"rendered":"\n<p><\/p>\n\n\n\n<p>O Conselho estar\u00e1 em seu pr\u00f3prio estande (133), com equipe t\u00e9cnica formada pelos setores de Fiscaliza\u00e7\u00e3o, Departamento Jur\u00eddico e Atendimento, para esclarecimentos quanto \u00e0 import\u00e2ncia do registro profissional.<\/p>\n\n\n\n<p>Al\u00e9m de compartilhar os benef\u00edcios sobre contratar um representante comercial registrado e regularizado, o Core-PE tamb\u00e9m apresentar\u00e1 o balc\u00e3o de oportunidades, no qual as empresas podem divulgar suas vagas e encontrar o profissional que precisam.<\/p>\n\n\n\n<p>A presen\u00e7a ativa do Conselho em eventos como a FICONS \u00e9 fundamental tanto para os representantes comerciais quanto para as representadas, no cumprimento de sua miss\u00e3o institucional, visando disseminar, fomentar e desenvolver a atividade da Representa\u00e7\u00e3o Comercial, por meio da fiscaliza\u00e7\u00e3o, normatiza\u00e7\u00e3o e orienta\u00e7\u00e3o, promovendo, assim, a tutela legal das rela\u00e7\u00f5es contratuais e desempenho \u00e9tico-profissional dos registrados.<\/p>\n\n\n\n<p>Representante comercial, garanta sua credencial e venha conhecer o estande do Core-PE! Ser\u00e1 um prazer receb\u00ea-lo.<\/p>\n\n\n\n<p>Para saber mais sobre a feira, acesse: <a href=\"https:\/\/www.ficons.com.br\/2022\/\" target=\"_blank\" rel=\"noreferrer noopener\">FICONS 2022<\/a><\/p>\n\n\n\n<p>Fonte: <a href=\"http:\/\/core-pe.org.br\/\" target=\"_blank\" rel=\"noreferrer noopener\">Core-PE<\/a><\/p>\n","protected":false},"excerpt":{"rendered":"<p>O Regional estar\u00e1 presente na FICONS 2022, de 23 a 26 de agosto, XII Feira Internacional de Materiais, Equipamentos e Servi\u00e7os da Constru\u00e7\u00e3o, evento da constru\u00e7\u00e3o na regi\u00e3o com grande visita\u00e7\u00e3o profissional, representativa do com\u00e9rcio e do setor de servi\u00e7os, a ser realizada no Centro de Conven\u00e7\u00f5es de Pernambuco, local que certamente concretizar\u00e1 bons neg\u00f3cios.<\/p>\n","protected":false},"author":3,"featured_media":8204,"comment_status":"closed","ping_status":"closed","sticky":false,"template":"","format":"standard","meta":[],"categories":[34,49,17],"tags":[],"_links":{"self":[{"href":"https:\/\/www.confere.org.br\/wordpress\/wp-json\/wp\/v2\/posts\/8191"}],"collection":[{"href":"https:\/\/www.confere.org.br\/wordpress\/wp-json\/wp\/v2\/posts"}],"about":[{"href":"https:\/\/www.confere.org.br\/wordpress\/wp-json\/wp\/v2\/types\/post"}],"author":[{"embeddable":true,"href":"https:\/\/www.confere.org.br\/wordpress\/wp-json\/wp\/v2\/users\/3"}],"replies":[{"embeddable":true,"href":"https:\/\/www.confere.org.br\/wordpress\/wp-json\/wp\/v2\/comments?post=8191"}],"version-history":[{"count":5,"href":"https:\/\/www.confere.org.br\/wordpress\/wp-json\/wp\/v2\/posts\/8191\/revisions"}],"predecessor-version":[{"id":8203,"href":"https:\/\/www.confere.org.br\/wordpress\/wp-json\/wp\/v2\/posts\/8191\/revisions\/8203"}],"wp:featuredmedia":[{"embeddable":true,"href":"https:\/\/www.confere.org.br\/wordpress\/wp-json\/wp\/v2\/media\/8204"}],"wp:attachment":[{"href":"https:\/\/www.confere.org.br\/wordpress\/wp-json\/wp\/v2\/media?parent=8191"}],"wp:term":[{"taxonomy":"category","embeddable":true,"href":"https:\/\/www.confere.org.br\/wordpress\/wp-json\/wp\/v2\/categories?post=8191"},{"taxonomy":"post_tag","embeddable":true,"href":"https:\/\/www.confere.org.br\/wordpress\/wp-json\/wp\/v2\/tags?post=8191"}],"curies":[{"name":"wp","href":"https:\/\/api.w.org\/{rel}","templated":true}]}}