{"id":8260,"date":"2022-08-10T12:55:49","date_gmt":"2022-08-10T15:55:49","guid":{"rendered":"https:\/\/www.confere.org.br\/wordpress\/?p=8260"},"modified":"2022-08-10T12:55:50","modified_gmt":"2022-08-10T15:55:50","slug":"confere-e-core-rj-em-reuniao-colaborativa","status":"publish","type":"post","link":"https:\/\/www.confere.org.br\/wordpress\/confere-e-core-rj-em-reuniao-colaborativa\/","title":{"rendered":"Confere e Core-RJ em reuni\u00e3o colaborativa"},"content":{"rendered":"\n<p>Nesta manh\u00e3, 10\/08\/2022, diretores e colaboradores do Core-RJ estiveram na sede do Confere-Rio, com o diretor-presidente do Confere, Archimedes Cavalcanti J\u00fanior; o procurador-geral Izaac Pereira In\u00e1cio; e Paulo Porto, gerente-geral do Conselho Federal, para uma reuni\u00e3o de coopera\u00e7\u00e3o institucional entre as entidades.<\/p>\n\n\n\n<p>Na ocasi\u00e3o, al\u00e9m de assuntos de interesses dos representantes comerciais do estado do Rio de Janeiro, foram feitas recomenda\u00e7\u00f5es t\u00e9cnicas para a gest\u00e3o do Core-RJ.<\/p>\n","protected":false},"excerpt":{"rendered":"<p>Demandas do Regional foram apresentadas<\/p>\n","protected":false},"author":3,"featured_media":8261,"comment_status":"closed","ping_status":"closed","sticky":false,"template":"","format":"standard","meta":[],"categories":[34,49,17],"tags":[],"_links":{"self":[{"href":"https:\/\/www.confere.org.br\/wordpress\/wp-json\/wp\/v2\/posts\/8260"}],"collection":[{"href":"https:\/\/www.confere.org.br\/wordpress\/wp-json\/wp\/v2\/posts"}],"about":[{"href":"https:\/\/www.confere.org.br\/wordpress\/wp-json\/wp\/v2\/types\/post"}],"author":[{"embeddable":true,"href":"https:\/\/www.confere.org.br\/wordpress\/wp-json\/wp\/v2\/users\/3"}],"replies":[{"embeddable":true,"href":"https:\/\/www.confere.org.br\/wordpress\/wp-json\/wp\/v2\/comments?post=8260"}],"version-history":[{"count":1,"href":"https:\/\/www.confere.org.br\/wordpress\/wp-json\/wp\/v2\/posts\/8260\/revisions"}],"predecessor-version":[{"id":8262,"href":"https:\/\/www.confere.org.br\/wordpress\/wp-json\/wp\/v2\/posts\/8260\/revisions\/8262"}],"wp:featuredmedia":[{"embeddable":true,"href":"https:\/\/www.confere.org.br\/wordpress\/wp-json\/wp\/v2\/media\/8261"}],"wp:attachment":[{"href":"https:\/\/www.confere.org.br\/wordpress\/wp-json\/wp\/v2\/media?parent=8260"}],"wp:term":[{"taxonomy":"category","embeddable":true,"href":"https:\/\/www.confere.org.br\/wordpress\/wp-json\/wp\/v2\/categories?post=8260"},{"taxonomy":"post_tag","embeddable":true,"href":"https:\/\/www.confere.org.br\/wordpress\/wp-json\/wp\/v2\/tags?post=8260"}],"curies":[{"name":"wp","href":"https:\/\/api.w.org\/{rel}","templated":true}]}}