{"id":8268,"date":"2022-08-11T09:42:47","date_gmt":"2022-08-11T12:42:47","guid":{"rendered":"https:\/\/www.confere.org.br\/wordpress\/?p=8268"},"modified":"2022-08-11T18:49:33","modified_gmt":"2022-08-11T21:49:33","slug":"core-rs-realiza-reuniao-plenaria","status":"publish","type":"post","link":"https:\/\/www.confere.org.br\/wordpress\/core-rs-realiza-reuniao-plenaria\/","title":{"rendered":"Core-RS realiza Reuni\u00e3o Plen\u00e1ria"},"content":{"rendered":"\n<p>Ontem, 10\/08, foi realizada a Reuni\u00e3o Plen\u00e1ria do Core-RS, com a visita do Deputado Federal Ubiratan Sanderson (PL-RS), onde foram entregues as reivindica\u00e7\u00f5es da categoria, em especial a inclus\u00e3o do Representante Comercial no Anexo 3 do Simples Nacional. Na ocasi\u00e3o, o deputado foi presenteado com o Livro Boas Vendas \u2013 Guia Pr\u00e1tico para Iniciar na profiss\u00e3o de Representante Comercial de autoria presidente do Regional ga\u00facho, Roberto Salvo.<\/p>\n\n\n\n<p>Confira a cobertura da Reuni\u00e3o e entrevistas:<\/p>\n\n\n\n<p><br>Entrevista ao presidente do Core-RS, Roberto Salvo &#8211; <a href=\"https:\/\/www.youtube.com\/watch?v=gxtGPk8mbGI\" target=\"_blank\" rel=\"noreferrer noopener\">(1) 10.08 &#8211; ENTREVISTA ROBERTO SALVO &#8211; ASSEMBLEIA CORE-RS 2022 &#8211; YouTube<\/a><\/p>\n\n\n\n<p> Entrevista ao Deputado Federal Ubiratan Sanderson  &#8211; <a href=\"https:\/\/www.youtube.com\/watch?v=CLzh89J2HPo\" target=\"_blank\" rel=\"noreferrer noopener\">(1) 10 08 ENTREVISTA UBIRATAN SANDERSON E ROBERTO SALVO ASSEMBLEIA CORE RS 2022 &#8211; YouTube<\/a><\/p>\n","protected":false},"excerpt":{"rendered":"<p>Deputado Sanderson parabenizou a Diretoria do Conselho pelo trabalho realizado.<\/p>\n","protected":false},"author":3,"featured_media":8269,"comment_status":"closed","ping_status":"closed","sticky":false,"template":"","format":"standard","meta":[],"categories":[34,49,17],"tags":[],"_links":{"self":[{"href":"https:\/\/www.confere.org.br\/wordpress\/wp-json\/wp\/v2\/posts\/8268"}],"collection":[{"href":"https:\/\/www.confere.org.br\/wordpress\/wp-json\/wp\/v2\/posts"}],"about":[{"href":"https:\/\/www.confere.org.br\/wordpress\/wp-json\/wp\/v2\/types\/post"}],"author":[{"embeddable":true,"href":"https:\/\/www.confere.org.br\/wordpress\/wp-json\/wp\/v2\/users\/3"}],"replies":[{"embeddable":true,"href":"https:\/\/www.confere.org.br\/wordpress\/wp-json\/wp\/v2\/comments?post=8268"}],"version-history":[{"count":4,"href":"https:\/\/www.confere.org.br\/wordpress\/wp-json\/wp\/v2\/posts\/8268\/revisions"}],"predecessor-version":[{"id":8280,"href":"https:\/\/www.confere.org.br\/wordpress\/wp-json\/wp\/v2\/posts\/8268\/revisions\/8280"}],"wp:featuredmedia":[{"embeddable":true,"href":"https:\/\/www.confere.org.br\/wordpress\/wp-json\/wp\/v2\/media\/8269"}],"wp:attachment":[{"href":"https:\/\/www.confere.org.br\/wordpress\/wp-json\/wp\/v2\/media?parent=8268"}],"wp:term":[{"taxonomy":"category","embeddable":true,"href":"https:\/\/www.confere.org.br\/wordpress\/wp-json\/wp\/v2\/categories?post=8268"},{"taxonomy":"post_tag","embeddable":true,"href":"https:\/\/www.confere.org.br\/wordpress\/wp-json\/wp\/v2\/tags?post=8268"}],"curies":[{"name":"wp","href":"https:\/\/api.w.org\/{rel}","templated":true}]}}