{"id":8274,"date":"2022-08-11T14:57:43","date_gmt":"2022-08-11T17:57:43","guid":{"rendered":"https:\/\/www.confere.org.br\/wordpress\/?p=8274"},"modified":"2022-08-11T14:57:44","modified_gmt":"2022-08-11T17:57:44","slug":"projeto-que-propoe-isencao-de-icms-de-veiculos-para-representantes-comerciais-e-aprovado-na-assembleia-legislativa-do-ceara","status":"publish","type":"post","link":"https:\/\/www.confere.org.br\/wordpress\/projeto-que-propoe-isencao-de-icms-de-veiculos-para-representantes-comerciais-e-aprovado-na-assembleia-legislativa-do-ceara\/","title":{"rendered":"Projeto que prop\u00f5e isen\u00e7\u00e3o de ICMS de ve\u00edculos para representantes comerciais \u00e9 aprovado na Assembleia Legislativa do Cear\u00e1"},"content":{"rendered":"\n<p><em>\u201c\u00c9 mais uma luta nossa por valoriza\u00e7\u00e3o e reconhecimento de uma categoria t\u00e3o vital para a economia do Cear\u00e1\u201d,\u00a0<\/em>comemora o presidente do Conselho de Representantes Comerciais no Estado do Cear\u00e1 (Core-CE), Philomeno Gomes Junior. Ele acrescenta que a atual gest\u00e3o tem sido marcada por amplo di\u00e1logo com diversas esferas de debates, no sentido de ampliar o reconhecimento dos profissionais da representa\u00e7\u00e3o comercial.<\/p>\n\n\n\n<p>De acordo com o Presidente, o Projeto de autoria do deputado S\u00e9rgio Aguiar, prop\u00f5e isen\u00e7\u00e3o para aquisi\u00e7\u00e3o de autom\u00f3veis e motocicletas de valor de at\u00e9 R$ 80 mil e R$ 25 mil, respectivamente, beneficiando profissionais que exer\u00e7am h\u00e1 pelo menos cinco anos a atividade de representa\u00e7\u00e3o comercial.&nbsp;<em>\u201cFica aqui nosso agradecimento aos parlamentares estaduais e nosso pedido de sensibilidade \u00e0 governadora do Estado, com nosso pleito\u201d,<\/em>&nbsp;pontua.<\/p>\n\n\n\n<p>Conforme a justificativa do autor do Projeto, a proposi\u00e7\u00e3o altera uma Lei Estadual j\u00e1 existente, para que atenda a categoria de representantes comerciais. \u201c<em>Embora se tenham meios eficientes para o desenvolvimento de suas atividades profissionais, at\u00e9 hoje, \u00e9 a moto ou o carro o principal instrumento que os representantes utilizam para o desempenho de suas fun\u00e7\u00f5es&#8221;, <\/em>\u00a0diz S\u00e9rgio Aguiar.<\/p>\n\n\n\n<p>Fonte: Core-CE<\/p>\n","protected":false},"excerpt":{"rendered":"<p>O Projeto segue para delibera\u00e7\u00f5es no  Poder Executivo.<\/p>\n","protected":false},"author":3,"featured_media":8275,"comment_status":"closed","ping_status":"closed","sticky":false,"template":"","format":"standard","meta":[],"categories":[34,49,17],"tags":[],"_links":{"self":[{"href":"https:\/\/www.confere.org.br\/wordpress\/wp-json\/wp\/v2\/posts\/8274"}],"collection":[{"href":"https:\/\/www.confere.org.br\/wordpress\/wp-json\/wp\/v2\/posts"}],"about":[{"href":"https:\/\/www.confere.org.br\/wordpress\/wp-json\/wp\/v2\/types\/post"}],"author":[{"embeddable":true,"href":"https:\/\/www.confere.org.br\/wordpress\/wp-json\/wp\/v2\/users\/3"}],"replies":[{"embeddable":true,"href":"https:\/\/www.confere.org.br\/wordpress\/wp-json\/wp\/v2\/comments?post=8274"}],"version-history":[{"count":1,"href":"https:\/\/www.confere.org.br\/wordpress\/wp-json\/wp\/v2\/posts\/8274\/revisions"}],"predecessor-version":[{"id":8276,"href":"https:\/\/www.confere.org.br\/wordpress\/wp-json\/wp\/v2\/posts\/8274\/revisions\/8276"}],"wp:featuredmedia":[{"embeddable":true,"href":"https:\/\/www.confere.org.br\/wordpress\/wp-json\/wp\/v2\/media\/8275"}],"wp:attachment":[{"href":"https:\/\/www.confere.org.br\/wordpress\/wp-json\/wp\/v2\/media?parent=8274"}],"wp:term":[{"taxonomy":"category","embeddable":true,"href":"https:\/\/www.confere.org.br\/wordpress\/wp-json\/wp\/v2\/categories?post=8274"},{"taxonomy":"post_tag","embeddable":true,"href":"https:\/\/www.confere.org.br\/wordpress\/wp-json\/wp\/v2\/tags?post=8274"}],"curies":[{"name":"wp","href":"https:\/\/api.w.org\/{rel}","templated":true}]}}