{"id":8281,"date":"2022-08-12T15:03:42","date_gmt":"2022-08-12T18:03:42","guid":{"rendered":"https:\/\/www.confere.org.br\/wordpress\/?p=8281"},"modified":"2022-08-12T15:17:15","modified_gmt":"2022-08-12T18:17:15","slug":"feliz-dia-dos-pais","status":"publish","type":"post","link":"https:\/\/www.confere.org.br\/wordpress\/feliz-dia-dos-pais\/","title":{"rendered":"Feliz Dia dos Pais!"},"content":{"rendered":"\n<p>Seu pai REPRESENTA?&nbsp;<\/p>\n\n\n\n<p>Essa \u00e9 uma tarefa que demanda uma responsabilidade tremenda, j\u00e1 que \u00e9 preciso ter presen\u00e7a, responsabilidade, cuidado, afeto, carinho e muita disposi\u00e7\u00e3o.&nbsp;&nbsp;<\/p>\n\n\n\n<p>Representar na profiss\u00e3o, representar na cria\u00e7\u00e3o, representar em casa e em todos os lugares. A tarefa paterna pode ser desafiadora, mas ela tamb\u00e9m pode revelar o melhor lado daqueles que representam dentro e fora de casa.&nbsp;&nbsp;<\/p>\n\n\n\n<p>Aos nossos parceiros e amigos profissionais que representam por todo o Brasil, desejamos um Feliz Dia dos Pais!&nbsp;<\/p>\n\n\n\n<p><a rel=\"noreferrer noopener\" href=\"https:\/\/www.youtube.com\/watch?v=_b4ohEQcIAo\" target=\"_blank\">Clique aqui <\/a>e assista ao nosso v\u00eddeo de homenagem ao Dia dos Pais.<\/p>\n\n\n\n<p>Obrigado aos papais que colaboraram!<\/p>\n","protected":false},"excerpt":{"rendered":"<p>Neste domingo, 14 de agosto, \u00e9 dia daquela pessoa que te representa antes mesmo de ser um bom Representante Comercial.<\/p>\n","protected":false},"author":3,"featured_media":8272,"comment_status":"closed","ping_status":"closed","sticky":false,"template":"","format":"standard","meta":[],"categories":[34,49,17],"tags":[],"_links":{"self":[{"href":"https:\/\/www.confere.org.br\/wordpress\/wp-json\/wp\/v2\/posts\/8281"}],"collection":[{"href":"https:\/\/www.confere.org.br\/wordpress\/wp-json\/wp\/v2\/posts"}],"about":[{"href":"https:\/\/www.confere.org.br\/wordpress\/wp-json\/wp\/v2\/types\/post"}],"author":[{"embeddable":true,"href":"https:\/\/www.confere.org.br\/wordpress\/wp-json\/wp\/v2\/users\/3"}],"replies":[{"embeddable":true,"href":"https:\/\/www.confere.org.br\/wordpress\/wp-json\/wp\/v2\/comments?post=8281"}],"version-history":[{"count":3,"href":"https:\/\/www.confere.org.br\/wordpress\/wp-json\/wp\/v2\/posts\/8281\/revisions"}],"predecessor-version":[{"id":8293,"href":"https:\/\/www.confere.org.br\/wordpress\/wp-json\/wp\/v2\/posts\/8281\/revisions\/8293"}],"wp:featuredmedia":[{"embeddable":true,"href":"https:\/\/www.confere.org.br\/wordpress\/wp-json\/wp\/v2\/media\/8272"}],"wp:attachment":[{"href":"https:\/\/www.confere.org.br\/wordpress\/wp-json\/wp\/v2\/media?parent=8281"}],"wp:term":[{"taxonomy":"category","embeddable":true,"href":"https:\/\/www.confere.org.br\/wordpress\/wp-json\/wp\/v2\/categories?post=8281"},{"taxonomy":"post_tag","embeddable":true,"href":"https:\/\/www.confere.org.br\/wordpress\/wp-json\/wp\/v2\/tags?post=8281"}],"curies":[{"name":"wp","href":"https:\/\/api.w.org\/{rel}","templated":true}]}}