{"id":8282,"date":"2022-08-12T10:11:58","date_gmt":"2022-08-12T13:11:58","guid":{"rendered":"https:\/\/www.confere.org.br\/wordpress\/?p=8282"},"modified":"2022-08-12T10:11:59","modified_gmt":"2022-08-12T13:11:59","slug":"confere-realiza-hoje-eleicao-para-composicao-do-core-sp-trienio-2022-2025","status":"publish","type":"post","link":"https:\/\/www.confere.org.br\/wordpress\/confere-realiza-hoje-eleicao-para-composicao-do-core-sp-trienio-2022-2025\/","title":{"rendered":"Confere realiza hoje elei\u00e7\u00e3o para composi\u00e7\u00e3o do Core-SP &#8211; tri\u00eanio 2022\/2025"},"content":{"rendered":"\n<figure class=\"wp-container-2 wp-block-gallery-1 wp-block-gallery columns-1 is-cropped\"><ul class=\"blocks-gallery-grid\"><li class=\"blocks-gallery-item\"><figure><img width=\"650\" height=\"980\" src=\"https:\/\/www.confere.org.br\/wordpress\/wp-content\/uploads\/2022\/08\/Divulgacao-eleicao010.jpg\" alt=\"\" data-id=\"8284\" data-full-url=\"https:\/\/www.confere.org.br\/wordpress\/wp-content\/uploads\/2022\/08\/Divulgacao-eleicao010.jpg\" data-link=\"https:\/\/www.confere.org.br\/wordpress\/?attachment_id=8284\" class=\"wp-image-8284\" srcset=\"https:\/\/www.confere.org.br\/wordpress\/wp-content\/uploads\/2022\/08\/Divulgacao-eleicao010.jpg 650w, https:\/\/www.confere.org.br\/wordpress\/wp-content\/uploads\/2022\/08\/Divulgacao-eleicao010-199x300.jpg 199w\" sizes=\"(max-width: 650px) 100vw, 650px\" \/><\/figure><\/li><\/ul><\/figure>\n","protected":false},"excerpt":{"rendered":"<p>Representante Comercial, exer\u00e7a o seu direito de voto!<\/p>\n","protected":false},"author":3,"featured_media":8283,"comment_status":"closed","ping_status":"closed","sticky":false,"template":"","format":"standard","meta":[],"categories":[34,49,17],"tags":[],"_links":{"self":[{"href":"https:\/\/www.confere.org.br\/wordpress\/wp-json\/wp\/v2\/posts\/8282"}],"collection":[{"href":"https:\/\/www.confere.org.br\/wordpress\/wp-json\/wp\/v2\/posts"}],"about":[{"href":"https:\/\/www.confere.org.br\/wordpress\/wp-json\/wp\/v2\/types\/post"}],"author":[{"embeddable":true,"href":"https:\/\/www.confere.org.br\/wordpress\/wp-json\/wp\/v2\/users\/3"}],"replies":[{"embeddable":true,"href":"https:\/\/www.confere.org.br\/wordpress\/wp-json\/wp\/v2\/comments?post=8282"}],"version-history":[{"count":1,"href":"https:\/\/www.confere.org.br\/wordpress\/wp-json\/wp\/v2\/posts\/8282\/revisions"}],"predecessor-version":[{"id":8285,"href":"https:\/\/www.confere.org.br\/wordpress\/wp-json\/wp\/v2\/posts\/8282\/revisions\/8285"}],"wp:featuredmedia":[{"embeddable":true,"href":"https:\/\/www.confere.org.br\/wordpress\/wp-json\/wp\/v2\/media\/8283"}],"wp:attachment":[{"href":"https:\/\/www.confere.org.br\/wordpress\/wp-json\/wp\/v2\/media?parent=8282"}],"wp:term":[{"taxonomy":"category","embeddable":true,"href":"https:\/\/www.confere.org.br\/wordpress\/wp-json\/wp\/v2\/categories?post=8282"},{"taxonomy":"post_tag","embeddable":true,"href":"https:\/\/www.confere.org.br\/wordpress\/wp-json\/wp\/v2\/tags?post=8282"}],"curies":[{"name":"wp","href":"https:\/\/api.w.org\/{rel}","templated":true}]}}