{"id":8294,"date":"2022-08-12T15:51:50","date_gmt":"2022-08-12T18:51:50","guid":{"rendered":"https:\/\/www.confere.org.br\/wordpress\/?p=8294"},"modified":"2022-08-12T15:51:52","modified_gmt":"2022-08-12T18:51:52","slug":"batata-cebola-e-leite-tem-maiores-altas-do-semestre-nos-supermercados","status":"publish","type":"post","link":"https:\/\/www.confere.org.br\/wordpress\/batata-cebola-e-leite-tem-maiores-altas-do-semestre-nos-supermercados\/","title":{"rendered":"Batata, cebola e leite t\u00eam maiores altas do semestre nos supermercados"},"content":{"rendered":"\n<p>No primeiro semestre de 2022, os produtos com as&nbsp;<a href=\"https:\/\/www1.folha.uol.com.br\/mercado\/2022\/08\/inflacao-dos-alimentos-ganha-forca-e-encosta-em-15.shtml\">maiores altas de pre\u00e7o em supermercados<\/a>&nbsp;foram batata, cebola,<a href=\"https:\/\/www1.folha.uol.com.br\/mercado\/2022\/08\/preco-do-leite-sobe-mais-de-25-em-julho.shtml\">&nbsp;leite longa vida<\/a>, feij\u00e3o e queijo mu\u00e7arela, segundo pesquisa divulgada pela Abras (Associa\u00e7\u00e3o Brasileira de Supermercados) nesta quinta-feira (11).<\/p>\n\n\n\n<p>O levantamento leva em conta cesta com 35 produtos definidos como de largo consumo, incluindo alimentos, bebidas, carnes, produtos de limpeza, itens de higiene e beleza. A cesta como um todo acumulou alta de 10,41% entre janeiro e junho de 2022, atingindo R$ 773,44 em junho.<\/p>\n\n\n\n<p>Confira os produtos com maiores altas de pre\u00e7os em supermercados, segundo a Abras:<\/p>\n\n\n\n<ol><li>Batata: 55,81%<\/li><li>Cebola: 48,13%<\/li><li>Leite longa vida: 41,77%<\/li><li>Feij\u00e3o: 40,97%<\/li><li>Queijo mu\u00e7arela: 36,1%<\/li><\/ol>\n\n\n\n<p>Tamb\u00e9m foi destaque o aumento de 13,4% no pre\u00e7o do sab\u00e3o em p\u00f3, entre os produtos de limpeza.<\/p>\n\n\n\n<p>Dos produtos listados pela Abras, as menores varia\u00e7\u00f5es de pre\u00e7o foram do a\u00e7\u00facar e do queijo prato, que aumentaram 0,8%; do arroz, que aumentou de 1,8%; e do pernil, cujo pre\u00e7o caiu 3,8%.<\/p>\n\n\n\n<p>A associa\u00e7\u00e3o tamb\u00e9m declarou que, com a a alta da infla\u00e7\u00e3o sobre os alimentos, os supermercados ampliaram o n\u00famero de marcas e promo\u00e7\u00f5es nas lojas.<\/p>\n\n\n\n<p>J\u00e1 os consumidores valorizaram embalagens de melhor custo-benef\u00edcio e marcas pr\u00f3prias do supermercado. Segundo a Abras, os pre\u00e7os s\u00e3o em m\u00e9dia 20% a 30% mais baixos do que das principais marcas nas categorias e est\u00e3o presentes em 34% dos lares.<\/p>\n\n\n\n<h3 id=\"abras-preve-crescimento-de-ate-3-3-no-consumo\">ABRAS PREV\u00ca CRESCIMENTO DE AT\u00c9 3,3% NO CONSUMO<\/h3>\n\n\n\n<p>A associa\u00e7\u00e3o divulgou ainda que o consumo nos lares encerrou o semestre com alta de 2,2%, anunciando novas proje\u00e7\u00f5es de consumo para o ano nos lares brasileiros. O crescimento antes previsto, de 2,8%, agora \u00e9 projetado entre 3% e 3,3%.<\/p>\n\n\n\n<p>A Abras cita como motivos para a expectativa de maior consumo a melhora no \u00edndice de infla\u00e7\u00e3o, o aumento do emprego formal e o pagamento dos&nbsp;<a href=\"https:\/\/www1.folha.uol.com.br\/mercado\/2022\/08\/caixa-divulga-calendario-de-pagamento-do-auxilio-caminhoneiro-e-taxista-veja-datas.shtml\">aux\u00edlios para taxistas e caminhoneiros<\/a>&nbsp;recentemente aprovados pelo congresso nacional.<\/p>\n\n\n\n<p>Al\u00e9m disso, eventos como lotes de\u00a0<a href=\"https:\/\/www1.folha.uol.com.br\/mercado\/2022\/07\/receita-paga-3o-lote-do-imposto-de-renda-com-correcao-de-202.shtml\">restitui\u00e7\u00e3o do imposto de renda<\/a>, pagamento do 13\u00ba, Black Friday, Copa do Mundo e festas de fim de ano devem motivar o consumo.<\/p>\n\n\n\n<p>Fonte: <a href=\"https:\/\/www1.folha.uol.com.br\/mercado\/2022\/08\/batata-cebola-e-leite-tem-maiores-altas-do-semestre-nos-supermercados.shtml\" target=\"_blank\" rel=\"noreferrer noopener\">Folha de S\u00e3o Paulo<\/a><\/p>\n","protected":false},"excerpt":{"rendered":"<p>Levantamento leva em conta cesta com 35 produtos definidos como de largo consumo<\/p>\n","protected":false},"author":3,"featured_media":8295,"comment_status":"closed","ping_status":"closed","sticky":false,"template":"","format":"standard","meta":[],"categories":[2],"tags":[],"_links":{"self":[{"href":"https:\/\/www.confere.org.br\/wordpress\/wp-json\/wp\/v2\/posts\/8294"}],"collection":[{"href":"https:\/\/www.confere.org.br\/wordpress\/wp-json\/wp\/v2\/posts"}],"about":[{"href":"https:\/\/www.confere.org.br\/wordpress\/wp-json\/wp\/v2\/types\/post"}],"author":[{"embeddable":true,"href":"https:\/\/www.confere.org.br\/wordpress\/wp-json\/wp\/v2\/users\/3"}],"replies":[{"embeddable":true,"href":"https:\/\/www.confere.org.br\/wordpress\/wp-json\/wp\/v2\/comments?post=8294"}],"version-history":[{"count":1,"href":"https:\/\/www.confere.org.br\/wordpress\/wp-json\/wp\/v2\/posts\/8294\/revisions"}],"predecessor-version":[{"id":8296,"href":"https:\/\/www.confere.org.br\/wordpress\/wp-json\/wp\/v2\/posts\/8294\/revisions\/8296"}],"wp:featuredmedia":[{"embeddable":true,"href":"https:\/\/www.confere.org.br\/wordpress\/wp-json\/wp\/v2\/media\/8295"}],"wp:attachment":[{"href":"https:\/\/www.confere.org.br\/wordpress\/wp-json\/wp\/v2\/media?parent=8294"}],"wp:term":[{"taxonomy":"category","embeddable":true,"href":"https:\/\/www.confere.org.br\/wordpress\/wp-json\/wp\/v2\/categories?post=8294"},{"taxonomy":"post_tag","embeddable":true,"href":"https:\/\/www.confere.org.br\/wordpress\/wp-json\/wp\/v2\/tags?post=8294"}],"curies":[{"name":"wp","href":"https:\/\/api.w.org\/{rel}","templated":true}]}}