{"id":8298,"date":"2022-08-15T10:17:36","date_gmt":"2022-08-15T13:17:36","guid":{"rendered":"https:\/\/www.confere.org.br\/wordpress\/?p=8298"},"modified":"2022-08-15T12:47:39","modified_gmt":"2022-08-15T15:47:39","slug":"confere-realizou-eleicao-no-core-sp","status":"publish","type":"post","link":"https:\/\/www.confere.org.br\/wordpress\/confere-realizou-eleicao-no-core-sp\/","title":{"rendered":"Confere realizou elei\u00e7\u00e3o no Core-SP"},"content":{"rendered":"\n<p>No dia 12 de agosto, o Confere realizou elei\u00e7\u00e3o para a composi\u00e7\u00e3o da nova Diretoria do Core-SP, para o tri\u00eanio 2022\/2025.<\/p>\n\n\n\n<p>O pleito contou com 07 (sete) locais de vota\u00e7\u00e3o: A sede do Core-SP, na Av. Brigadeiro Lu\u00eds Ant\u00f4nio, n\u00ba. 613 \u2013 Bela Vista \u2013 SP e nas delegacias em Campinas, Presidente Prudente, S\u00e3o Jos\u00e9 do Rio Preto, S\u00e3o Jos\u00e9 dos Campos, Sorocaba e Ribeir\u00e3o Preto.<\/p>\n\n\n\n<p><em>\u201cO processo eleitoral transcorreu com lisura e tranquilidade. Desejo sucesso aos conselheiros eleitos<\/em>\u201d, afirmou Rita de C\u00e1ssia de Oliveira, presidente da Comiss\u00e3o Eleitoral.<\/p>\n\n\n\n<p><strong>Conselheiros eleitos no pleito:<\/strong><\/p>\n\n\n\n<p>Lucimayre Ferreira Villarino;<\/p>\n\n\n\n<p>K\u00e1rita Regina Martins Benitez;<\/p>\n\n\n\n<p>Dante Orefice Junior;<\/p>\n\n\n\n<p>F\u00e1bio Calil;<\/p>\n\n\n\n<p>F\u00e1bio Luiz Lofrano;<\/p>\n\n\n\n<p>Jorge Leandro Pieretti;<\/p>\n\n\n\n<p>Jos\u00e9 Luiz Abrantes Pereira;<\/p>\n\n\n\n<p>Maur\u00edcio Pereira da Silva;<\/p>\n\n\n\n<p>Sidney Fernandes Gutierrez.<\/p>\n","protected":false},"excerpt":{"rendered":"<p>Saiba mais sobre o processo eleitoral<\/p>\n","protected":false},"author":3,"featured_media":8299,"comment_status":"closed","ping_status":"closed","sticky":false,"template":"","format":"standard","meta":[],"categories":[34,49,17],"tags":[],"_links":{"self":[{"href":"https:\/\/www.confere.org.br\/wordpress\/wp-json\/wp\/v2\/posts\/8298"}],"collection":[{"href":"https:\/\/www.confere.org.br\/wordpress\/wp-json\/wp\/v2\/posts"}],"about":[{"href":"https:\/\/www.confere.org.br\/wordpress\/wp-json\/wp\/v2\/types\/post"}],"author":[{"embeddable":true,"href":"https:\/\/www.confere.org.br\/wordpress\/wp-json\/wp\/v2\/users\/3"}],"replies":[{"embeddable":true,"href":"https:\/\/www.confere.org.br\/wordpress\/wp-json\/wp\/v2\/comments?post=8298"}],"version-history":[{"count":3,"href":"https:\/\/www.confere.org.br\/wordpress\/wp-json\/wp\/v2\/posts\/8298\/revisions"}],"predecessor-version":[{"id":8341,"href":"https:\/\/www.confere.org.br\/wordpress\/wp-json\/wp\/v2\/posts\/8298\/revisions\/8341"}],"wp:featuredmedia":[{"embeddable":true,"href":"https:\/\/www.confere.org.br\/wordpress\/wp-json\/wp\/v2\/media\/8299"}],"wp:attachment":[{"href":"https:\/\/www.confere.org.br\/wordpress\/wp-json\/wp\/v2\/media?parent=8298"}],"wp:term":[{"taxonomy":"category","embeddable":true,"href":"https:\/\/www.confere.org.br\/wordpress\/wp-json\/wp\/v2\/categories?post=8298"},{"taxonomy":"post_tag","embeddable":true,"href":"https:\/\/www.confere.org.br\/wordpress\/wp-json\/wp\/v2\/tags?post=8298"}],"curies":[{"name":"wp","href":"https:\/\/api.w.org\/{rel}","templated":true}]}}