{"id":8358,"date":"2022-08-17T09:59:18","date_gmt":"2022-08-17T12:59:18","guid":{"rendered":"https:\/\/www.confere.org.br\/wordpress\/?p=8358"},"modified":"2022-08-17T09:59:19","modified_gmt":"2022-08-17T12:59:19","slug":"core-mg-ciclo-de-capacitacao-2","status":"publish","type":"post","link":"https:\/\/www.confere.org.br\/wordpress\/core-mg-ciclo-de-capacitacao-2\/","title":{"rendered":"Core-MG: Ciclo de Capacita\u00e7\u00e3o"},"content":{"rendered":"\n<p>O Core-MG est\u00e1 dando sequ\u00eancia, em 2022, \u00e0 sua pol\u00edtica de realiza\u00e7\u00e3o de cursos de capacita\u00e7\u00e3o e forma\u00e7\u00e3o profissional para toda a categoria dos Representantes Comerciais de Minas Gerais. A dire\u00e7\u00e3o da Entidade entende que esta \u00e9 a melhor forma de garantir a constante atualiza\u00e7\u00e3o dos profissionais e de aprimorar constantemente a qualidade dos servi\u00e7os prestados.<\/p>\n\n\n\n<p>Neste ano, a capacita\u00e7\u00e3o conta com um sugestivo nome, que em si j\u00e1 justifica a relev\u00e2ncia da atividade: \u201cN\u00e3o deixe seu cliente lembrar do seu concorrente\u201d. Ela est\u00e1 sendo oferecida no formato h\u00edbrido, com encontros presenciais e online, ainda como estrat\u00e9gia de enfrentamento da pandemia, mas j\u00e1 caminhando para a normalidade.<\/p>\n\n\n\n<p>Em 2022, est\u00e3o sendo realizados tr\u00eas encontros presenciais e duas lives. O primeiro ocorreu na sede da entidade, em BH, em 13 de maio, e o segundo ser\u00e1 em 26 de junho, em Varginha. O terceiro ser\u00e1 realizado em Uberl\u00e2ndia, em 26 de agosto. Em ambos os munic\u00edpios do interior, o Core-MG conta com delegacias instaladas em sedes pr\u00f3prias.<\/p>\n\n\n\n<p>Por sua vez, as lives ser\u00e3o transmitidas para todos os interessados nos dias 23 de setembro e 25 de novembro. Confira a programa\u00e7\u00e3o no quadro abaixo.<\/p>\n\n\n\n<p>O curso \u00e9 coordenado por Rafael Barone, do Grupo Monarca, e conta tamb\u00e9m com a participa\u00e7\u00e3o do instrutor Mateus Marchezini, ambos com ampla experi\u00eancia de mercado em suas \u00e1reas de atua\u00e7\u00e3o.<\/p>\n\n\n\n<p><strong>Anote na agenda os pr\u00f3ximos eventos<\/strong><\/p>\n\n\n\n<ul><li>26 de agosto, \u00e0s 19h &#8211; Presencial em Uberl\u00e2ndia &#8211; Rua Coronel Ant\u00f4nio Alves Pereira, n\u00ba 400, loja 11 &#8211; Centro. <a rel=\"noreferrer noopener\" href=\"https:\/\/docs.google.com\/forms\/d\/e\/1FAIpQLSfS3MS55yCSluKPWxo8uK99_C4tTyAkutAujauMr8pxKFKpVQ\/viewform\" target=\"_blank\">Clique aqui e inscreva-se!<\/a><\/li><li>23 de setembro &#8211; Online<\/li><li>25 de novembro &#8211; Online<\/li><\/ul>\n\n\n\n<p><strong>Conte\u00fado das capacita\u00e7\u00f5es em 2022<\/strong><\/p>\n\n\n\n<p>TEMA CENTRAL \u2013 N\u00c3O DEIXE SEU CLIENTE LEMBRAR DO SEU CONCORRENTE<\/p>\n\n\n\n<p>T\u00d3PICO: ( I ) \u2013 SEJA LEMBRADO &#8211; O Conceito TOP OF MIND<\/p>\n\n\n\n<p>\u00b7 Estrat\u00e9gias para conseguir que seu cliente se lembre de voc\u00ea antes de pensar no seu concorrente.<\/p>\n\n\n\n<p>T\u00d3PICO: ( II ) \u2013 DOM\u00cdNIO LOCAL<\/p>\n\n\n\n<p>\u00b7 A estrat\u00e9gia \u201cWAR\u201d: conquistando territ\u00f3rios. Como fazer sua marca ser a preferida dentro do seu trecho de atua\u00e7\u00e3o.<\/p>\n\n\n\n<p>T\u00d3PICO: ( III ) \u2013 PLANO DE A\u00c7\u00c3O \u2013 DEPOIS DA TEORIA, A PR\u00c1TICA<\/p>\n\n\n\n<p>\u00b7 Orienta\u00e7\u00e3o de turma para cria\u00e7\u00e3o de um plano de a\u00e7\u00e3o, com metas poss\u00edveis e ajustadas \u00e0 realidade de cada participante e com um \u00fanico objetivo: tornar-se Top of Mind.<\/p>\n\n\n\n<p>Fonte: <a href=\"https:\/\/www.coremg.org.br\/\" target=\"_blank\" rel=\"noreferrer noopener\">Core-MG<\/a><\/p>\n","protected":false},"excerpt":{"rendered":"<p>Agende-se: Dia 26 de agosto, em Uberl\u00e2ndia<\/p>\n","protected":false},"author":3,"featured_media":8359,"comment_status":"closed","ping_status":"closed","sticky":false,"template":"","format":"standard","meta":[],"categories":[34,49,17],"tags":[],"_links":{"self":[{"href":"https:\/\/www.confere.org.br\/wordpress\/wp-json\/wp\/v2\/posts\/8358"}],"collection":[{"href":"https:\/\/www.confere.org.br\/wordpress\/wp-json\/wp\/v2\/posts"}],"about":[{"href":"https:\/\/www.confere.org.br\/wordpress\/wp-json\/wp\/v2\/types\/post"}],"author":[{"embeddable":true,"href":"https:\/\/www.confere.org.br\/wordpress\/wp-json\/wp\/v2\/users\/3"}],"replies":[{"embeddable":true,"href":"https:\/\/www.confere.org.br\/wordpress\/wp-json\/wp\/v2\/comments?post=8358"}],"version-history":[{"count":1,"href":"https:\/\/www.confere.org.br\/wordpress\/wp-json\/wp\/v2\/posts\/8358\/revisions"}],"predecessor-version":[{"id":8360,"href":"https:\/\/www.confere.org.br\/wordpress\/wp-json\/wp\/v2\/posts\/8358\/revisions\/8360"}],"wp:featuredmedia":[{"embeddable":true,"href":"https:\/\/www.confere.org.br\/wordpress\/wp-json\/wp\/v2\/media\/8359"}],"wp:attachment":[{"href":"https:\/\/www.confere.org.br\/wordpress\/wp-json\/wp\/v2\/media?parent=8358"}],"wp:term":[{"taxonomy":"category","embeddable":true,"href":"https:\/\/www.confere.org.br\/wordpress\/wp-json\/wp\/v2\/categories?post=8358"},{"taxonomy":"post_tag","embeddable":true,"href":"https:\/\/www.confere.org.br\/wordpress\/wp-json\/wp\/v2\/tags?post=8358"}],"curies":[{"name":"wp","href":"https:\/\/api.w.org\/{rel}","templated":true}]}}