{"id":8364,"date":"2022-08-17T10:22:22","date_gmt":"2022-08-17T13:22:22","guid":{"rendered":"https:\/\/www.confere.org.br\/wordpress\/?p=8364"},"modified":"2022-08-17T10:22:24","modified_gmt":"2022-08-17T13:22:24","slug":"core-sc-workshop-gestao-tributaria-ferramentas-e-estrategias-para-o-representante-comercial","status":"publish","type":"post","link":"https:\/\/www.confere.org.br\/wordpress\/core-sc-workshop-gestao-tributaria-ferramentas-e-estrategias-para-o-representante-comercial\/","title":{"rendered":"Core-SC: Workshop Gest\u00e3o Tribut\u00e1ria &#8211; Ferramentas e estrat\u00e9gias para o representante comercial"},"content":{"rendered":"\n<p><em><strong>Assuntos abordados<\/strong>:<\/em><\/p>\n\n\n\n<p>\u2022 Conceitos que caracterizam o profissional de Representa\u00e7\u00e3o Comercial.<br>\u2022 Carga tribut\u00e1ria sobre a atividade.<br>\u2022 Simula\u00e7\u00f5es para melhor gest\u00e3o fiscal e economia tribut\u00e1ria.<br>\u2022 Riscos inerentes \u00e0 atividade profissional e as responsabilidades do INSS, por parte da empresa representada e do representante comercial.<\/p>\n\n\n\n<p><strong><br><\/strong><em><strong>Ministrante<\/strong><\/em>: professor Erivalcir Moreira dos Santos &#8211; Graduado em Direito pela Universidade do Oeste de Santa Catarina, com p\u00f3s-gradua\u00e7\u00e3o em Direito Processual Civil pela Universidade do Contestado. Graduado em F\u00edsica e Matem\u00e1tica pela Universidade do Oeste de Santa Catarina. Trabalha na Justi\u00e7a Federal de Santa Catarina desde 1999, onde j\u00e1 exerceu fun\u00e7\u00f5es de supervis\u00e3o, dire\u00e7\u00e3o de Secretaria e assessoramento. Desde 2004, \u00e9 oficial de Gabinete do juiz titular (assessoramento jur\u00eddico), na Vara Federal de Ca\u00e7ador. Mais de 18 anos de experi\u00eancia na \u00e1rea do Direito P\u00fablico, com \u00eanfase em Planejamento Tribut\u00e1rio, Direito Tribut\u00e1rio, Direito Empresarial e Societ\u00e1rio, Direito Previdenci\u00e1rio e consequ\u00eancias na Legisla\u00e7\u00e3o Trabalhista. \u00c9 professor das disciplinas de Direito Tribut\u00e1rio e Empresarial e Planejamento no Senac\/SC.<\/p>\n\n\n\n<p><strong>Confira agenda do evento:<\/strong><\/p>\n\n\n\n<p><em><strong>Itaja\u00ed<\/strong><\/em><\/p>\n\n\n\n<p>Data: 18 de agosto, quinta-feira<br>Hor\u00e1rio: das 19h \u00e0s 22h (lanche oferecido a partir das 18h30)<br>Local: Senac Itaja\u00ed, na Rua Brusque, 257, Centro.<br>Inscri\u00e7\u00f5es e informa\u00e7\u00f5es: coreitajai@coresc.org.br<br>(47) 3346-1392 \/ (48) 99177-0078 WhatsApp<\/p>\n\n\n\n<p><em><strong>Blumenau<\/strong><\/em><\/p>\n\n\n\n<p><strong>Data<\/strong>: 26 de setembro, segunda-feira<br><strong>Hor\u00e1rio<\/strong>: das 19h \u00e0s 22h (lanche oferecido a partir das 18h30)<br><strong>Local<\/strong>: Faculdade Senac Blumenau,&nbsp;Av. Brasil, 610, Bairro Ponta Aguda.<br><strong>Inscri\u00e7\u00f5es e informa\u00e7\u00f5es<\/strong>: coreblumenau@coresc.org.br<br>(47)&nbsp;3340-4710&nbsp;&nbsp;(47) 99174-5712&nbsp;&nbsp;WhatsApp<\/p>\n\n\n\n<p><em><strong>Chapec\u00f3<\/strong><\/em><\/p>\n\n\n\n<p><strong>Data<\/strong>: 10 de outubro, segunda-feira<br><strong>Hor\u00e1rio<\/strong>: das 19h \u00e0s 22h (lanche oferecido a partir das 18h30)<br><strong>Local<\/strong>: Faculdade Senac Chapec\u00f3,\u00a0Rua Castro Alves, 298E, Bairro S\u00e3o Crist\u00f3v\u00e3o.<br><strong>Inscri\u00e7\u00f5es e informa\u00e7\u00f5es<\/strong>: corechapeco@coresc.org.br<br>(49) 3328-3863\u00a0\u00a0(48) 99178-8137\u00a0WhatsApp<\/p>\n\n\n\n<p>Fonte: <a href=\"https:\/\/www.coresc.org.br\/principal\" target=\"_blank\" rel=\"noreferrer noopener\">Core-SC<\/a><\/p>\n","protected":false},"excerpt":{"rendered":"<p>Amanh\u00e3, dia 18 de agosto, em Itaja\u00ed<\/p>\n","protected":false},"author":3,"featured_media":8365,"comment_status":"closed","ping_status":"closed","sticky":false,"template":"","format":"standard","meta":[],"categories":[34,49,17],"tags":[],"_links":{"self":[{"href":"https:\/\/www.confere.org.br\/wordpress\/wp-json\/wp\/v2\/posts\/8364"}],"collection":[{"href":"https:\/\/www.confere.org.br\/wordpress\/wp-json\/wp\/v2\/posts"}],"about":[{"href":"https:\/\/www.confere.org.br\/wordpress\/wp-json\/wp\/v2\/types\/post"}],"author":[{"embeddable":true,"href":"https:\/\/www.confere.org.br\/wordpress\/wp-json\/wp\/v2\/users\/3"}],"replies":[{"embeddable":true,"href":"https:\/\/www.confere.org.br\/wordpress\/wp-json\/wp\/v2\/comments?post=8364"}],"version-history":[{"count":1,"href":"https:\/\/www.confere.org.br\/wordpress\/wp-json\/wp\/v2\/posts\/8364\/revisions"}],"predecessor-version":[{"id":8366,"href":"https:\/\/www.confere.org.br\/wordpress\/wp-json\/wp\/v2\/posts\/8364\/revisions\/8366"}],"wp:featuredmedia":[{"embeddable":true,"href":"https:\/\/www.confere.org.br\/wordpress\/wp-json\/wp\/v2\/media\/8365"}],"wp:attachment":[{"href":"https:\/\/www.confere.org.br\/wordpress\/wp-json\/wp\/v2\/media?parent=8364"}],"wp:term":[{"taxonomy":"category","embeddable":true,"href":"https:\/\/www.confere.org.br\/wordpress\/wp-json\/wp\/v2\/categories?post=8364"},{"taxonomy":"post_tag","embeddable":true,"href":"https:\/\/www.confere.org.br\/wordpress\/wp-json\/wp\/v2\/tags?post=8364"}],"curies":[{"name":"wp","href":"https:\/\/api.w.org\/{rel}","templated":true}]}}