{"id":8367,"date":"2022-08-17T10:42:33","date_gmt":"2022-08-17T13:42:33","guid":{"rendered":"https:\/\/www.confere.org.br\/wordpress\/?p=8367"},"modified":"2022-08-17T10:42:33","modified_gmt":"2022-08-17T13:42:33","slug":"senador-lasier-martins-e-recebido-no-core-rs","status":"publish","type":"post","link":"https:\/\/www.confere.org.br\/wordpress\/senador-lasier-martins-e-recebido-no-core-rs\/","title":{"rendered":"Senador Lasier Martins \u00e9 recebido no Core-RS"},"content":{"rendered":"\n<p>Na manh\u00e3 do dia 16 de agosto, o Core-RS recebeu a visita do senador Lasier Martins. Recepcionado pela Diretoria do Regional, o senador participou de uma reuni\u00e3o com conselheiros da Entidade e outros representantes comerciais.<br>Na oportunidade, o  diretor-presidente do Core-RS, Roberto Salvo, agradeceu imensamente a dedica\u00e7\u00e3o e empenho do senador na resolu\u00e7\u00e3o de demandas da categoria, dentre elas a aprova\u00e7\u00e3o do Projeto de Lei Complementar 05\/2015: &#8220;Al\u00e9m de seu hist\u00f3rico de sempre nos receber no Senado de maneira muito atenciosa, ele trabalhou, intensamente, para que tiv\u00e9ssemos a aprova\u00e7\u00e3o do PLS 05\/2015, que inclui o representante comercial no anexo III do Simples Nacional. O PLS muda o regime tribut\u00e1rio no imposto e eleva o representante comercial para o Anexo lll do Simples, com al\u00edquotas entre 6% e 17,4%. No Anexo V, hoje o profissional  paga al\u00edquota sobre a receita que variam de 15,5% a 30,5%, o que onera e prejudica em demasia uma categoria profissional, que \u00e9 hoje o maior elo econ\u00f4mico entre a ind\u00fastria e o com\u00e9rcio na gera\u00e7\u00e3o de impostos, riquezas e renda&#8221;, explicou Salvo.<br><br>Agora, aprovado no Senado, o Projeto de Lei foi enviado a C\u00e2mara Federal, onde recebeu o n\u00famero 99\/2022, e a categoria espera o apoio dos Deputados Federais.<\/p>\n\n\n\n<p>Fonte: <a href=\"https:\/\/www.core-rs.org.br\/\" target=\"_blank\" rel=\"noreferrer noopener\">Core-RS<\/a><\/p>\n","protected":false},"excerpt":{"rendered":"<p>Em visita ao Core-RS, o senador Lasier Martins (PODEMOS-RS) recebeu agradecimentos pelo seu protagonismo na vota\u00e7\u00e3o do PLS 05\/2015 e ouviu sobre novas demandas da categoria. <\/p>\n","protected":false},"author":3,"featured_media":8368,"comment_status":"closed","ping_status":"closed","sticky":false,"template":"","format":"standard","meta":[],"categories":[34,49,17],"tags":[],"_links":{"self":[{"href":"https:\/\/www.confere.org.br\/wordpress\/wp-json\/wp\/v2\/posts\/8367"}],"collection":[{"href":"https:\/\/www.confere.org.br\/wordpress\/wp-json\/wp\/v2\/posts"}],"about":[{"href":"https:\/\/www.confere.org.br\/wordpress\/wp-json\/wp\/v2\/types\/post"}],"author":[{"embeddable":true,"href":"https:\/\/www.confere.org.br\/wordpress\/wp-json\/wp\/v2\/users\/3"}],"replies":[{"embeddable":true,"href":"https:\/\/www.confere.org.br\/wordpress\/wp-json\/wp\/v2\/comments?post=8367"}],"version-history":[{"count":1,"href":"https:\/\/www.confere.org.br\/wordpress\/wp-json\/wp\/v2\/posts\/8367\/revisions"}],"predecessor-version":[{"id":8369,"href":"https:\/\/www.confere.org.br\/wordpress\/wp-json\/wp\/v2\/posts\/8367\/revisions\/8369"}],"wp:featuredmedia":[{"embeddable":true,"href":"https:\/\/www.confere.org.br\/wordpress\/wp-json\/wp\/v2\/media\/8368"}],"wp:attachment":[{"href":"https:\/\/www.confere.org.br\/wordpress\/wp-json\/wp\/v2\/media?parent=8367"}],"wp:term":[{"taxonomy":"category","embeddable":true,"href":"https:\/\/www.confere.org.br\/wordpress\/wp-json\/wp\/v2\/categories?post=8367"},{"taxonomy":"post_tag","embeddable":true,"href":"https:\/\/www.confere.org.br\/wordpress\/wp-json\/wp\/v2\/tags?post=8367"}],"curies":[{"name":"wp","href":"https:\/\/api.w.org\/{rel}","templated":true}]}}