{"id":8375,"date":"2022-08-18T14:48:13","date_gmt":"2022-08-18T17:48:13","guid":{"rendered":"https:\/\/www.confere.org.br\/wordpress\/?p=8375"},"modified":"2022-08-18T14:48:15","modified_gmt":"2022-08-18T17:48:15","slug":"anvisa-aprova-fim-da-obrigatoriedade-de-mascaras-em-avioes","status":"publish","type":"post","link":"https:\/\/www.confere.org.br\/wordpress\/anvisa-aprova-fim-da-obrigatoriedade-de-mascaras-em-avioes\/","title":{"rendered":"Anvisa aprova fim da obrigatoriedade de m\u00e1scaras em avi\u00f5es"},"content":{"rendered":"\n<p>Depois de mais de dois anos, as m\u00e1scaras deixar\u00e3o de ser exigidas nos avi\u00f5es e nos aeroportos. Por unanimidade, a Ag\u00eancia Nacional de Vigil\u00e2ncia Sanit\u00e1ria (Anvisa) aprovou&nbsp;hoje&nbsp;(17) o fim da exig\u00eancia do equipamento de prote\u00e7\u00e3o em voos no Brasil.<img src=\"https:\/\/agenciabrasil.ebc.com.br\/ebc.png?id=1477171&amp;o=node\"><img src=\"https:\/\/agenciabrasil.ebc.com.br\/ebc.gif?id=1477171&amp;o=node\"><\/p>\n\n\n\n<p>Apesar do fim da obrigatoriedade, as m\u00e1scaras faciais e o distanciamento social continuar\u00e3o a ser recomendados como medidas para minimizar o risco de transmiss\u00e3o da covid-19. A medida foi aprovada pelos cinco diretores da ag\u00eancia: Alex Machado Campos, que foi o relator; Daniel Pereira; R\u00f4mison Rodrigues Mota; Meiruze Sousa Freitas e Antonio Barra Torres, diretor-presidente da Anvisa.<\/p>\n\n\n\n<p>Mesmo com o fim da obrigatoriedade das m\u00e1scaras, uma s\u00e9rie de protocolos em vigor desde o in\u00edcio da pandemia de covid-19 foi mantida. Os aeroportos e as companhias a\u00e9reas continuar\u00e3o a cumprir as seguintes medidas:<br><br>\u2022&nbsp;&nbsp;&nbsp;&nbsp;&nbsp;&nbsp;&nbsp;&nbsp;disponibiliza\u00e7\u00e3o de \u00e1lcool em gel<br>\u2022&nbsp;&nbsp;&nbsp;&nbsp;&nbsp;&nbsp;&nbsp;&nbsp;avisos sonoros com adapta\u00e7\u00f5es, recomendando o uso de m\u00e1scaras, especialmente por pessoas vulner\u00e1veis<br>\u2022&nbsp;&nbsp;&nbsp;&nbsp;&nbsp;&nbsp;&nbsp;&nbsp;procedimentos de limpeza e desinfec\u00e7\u00e3o cont\u00ednuas<br>\u2022&nbsp;&nbsp;&nbsp;&nbsp;&nbsp;&nbsp;&nbsp;&nbsp;sistemas de climatiza\u00e7\u00e3o<br>\u2022&nbsp;&nbsp;&nbsp;&nbsp;&nbsp;&nbsp;&nbsp;&nbsp;desembarque por fileiras<br><br>Em documento, a Anvisa informou que o cen\u00e1rio epidemiol\u00f3gico atual permite que algumas medidas sanit\u00e1rias tomadas em 2020 sejam atualizadas, como o uso obrigat\u00f3rio das m\u00e1scaras. \u201cDiante do atual cen\u00e1rio, o uso de m\u00e1scaras, adotado at\u00e9 ent\u00e3o como medida de sa\u00fade coletiva, \u00e9 convertido em medida de prote\u00e7\u00e3o individual\u201d, destacou a Anvisa.<br><br>A m\u00e1scara nos terminais a\u00e9reos e nos avi\u00f5es deixou de ser exigida em diversos pa\u00edses, como os Estados Unidos, a Fran\u00e7a, o Reino Unido e Portugal.<\/p>\n\n\n\n<p>Em maio, a Anvisa liberou o servi\u00e7o de bordo e autorizou o uso da capacidade m\u00e1xima de passageiros nos avi\u00f5es, mas manteve o uso de m\u00e1scaras em avi\u00f5es e \u00e1reas restritas de aeroportos.<\/p>\n\n\n\n<p>As medidas entram em vigor assim que forem publicadas no Di\u00e1rio Oficial da Uni\u00e3o.<\/p>\n\n\n\n<p>Fonte: <a href=\"https:\/\/agenciabrasil.ebc.com.br\/saude\/noticia\/2022-08\/anvisa-aprova-fim-da-obrigatoriedade-de-mascaras-em-avioes\" target=\"_blank\" rel=\"noreferrer noopener\">Ag\u00eancia Brasil<\/a><\/p>\n","protected":false},"excerpt":{"rendered":"<p>Equipamento passar\u00e1 apenas a ser recomendado nos voos<\/p>\n","protected":false},"author":3,"featured_media":7378,"comment_status":"closed","ping_status":"closed","sticky":false,"template":"","format":"standard","meta":[],"categories":[17,2],"tags":[],"_links":{"self":[{"href":"https:\/\/www.confere.org.br\/wordpress\/wp-json\/wp\/v2\/posts\/8375"}],"collection":[{"href":"https:\/\/www.confere.org.br\/wordpress\/wp-json\/wp\/v2\/posts"}],"about":[{"href":"https:\/\/www.confere.org.br\/wordpress\/wp-json\/wp\/v2\/types\/post"}],"author":[{"embeddable":true,"href":"https:\/\/www.confere.org.br\/wordpress\/wp-json\/wp\/v2\/users\/3"}],"replies":[{"embeddable":true,"href":"https:\/\/www.confere.org.br\/wordpress\/wp-json\/wp\/v2\/comments?post=8375"}],"version-history":[{"count":1,"href":"https:\/\/www.confere.org.br\/wordpress\/wp-json\/wp\/v2\/posts\/8375\/revisions"}],"predecessor-version":[{"id":8376,"href":"https:\/\/www.confere.org.br\/wordpress\/wp-json\/wp\/v2\/posts\/8375\/revisions\/8376"}],"wp:featuredmedia":[{"embeddable":true,"href":"https:\/\/www.confere.org.br\/wordpress\/wp-json\/wp\/v2\/media\/7378"}],"wp:attachment":[{"href":"https:\/\/www.confere.org.br\/wordpress\/wp-json\/wp\/v2\/media?parent=8375"}],"wp:term":[{"taxonomy":"category","embeddable":true,"href":"https:\/\/www.confere.org.br\/wordpress\/wp-json\/wp\/v2\/categories?post=8375"},{"taxonomy":"post_tag","embeddable":true,"href":"https:\/\/www.confere.org.br\/wordpress\/wp-json\/wp\/v2\/tags?post=8375"}],"curies":[{"name":"wp","href":"https:\/\/api.w.org\/{rel}","templated":true}]}}