{"id":8377,"date":"2022-08-18T16:34:11","date_gmt":"2022-08-18T19:34:11","guid":{"rendered":"https:\/\/www.confere.org.br\/wordpress\/?p=8377"},"modified":"2022-08-18T17:15:40","modified_gmt":"2022-08-18T20:15:40","slug":"deputado-glaustin-da-fokus-requer-a-retirada-de-tramitacao-do-pl-1461-2022","status":"publish","type":"post","link":"https:\/\/www.confere.org.br\/wordpress\/deputado-glaustin-da-fokus-requer-a-retirada-de-tramitacao-do-pl-1461-2022\/","title":{"rendered":"Deputado Glaustin da Fokus requereu a retirada de tramita\u00e7\u00e3o do PL 1461\/2022"},"content":{"rendered":"\n<p>\u201cO objetivo da nossa reuni\u00e3o com o deputado Glaustin foi dialogar e chegarmos a um entendimento. Ele entendeu que o projeto de lei feria os diretos dos representantes comerciais e cumpriu a sua promessa de arquivar a propositura\u201d, ressaltou o presidente do Confere, Archimedes Cavalcanti J\u00fanior.<\/p>\n\n\n\n<figure class=\"wp-block-image size-full is-resized\"><img src=\"https:\/\/www.confere.org.br\/wordpress\/wp-content\/uploads\/2022\/08\/reuniao-glaustin-go.jpg\" alt=\"\" class=\"wp-image-8248\" width=\"583\" height=\"437\" srcset=\"https:\/\/www.confere.org.br\/wordpress\/wp-content\/uploads\/2022\/08\/reuniao-glaustin-go.jpg 900w, https:\/\/www.confere.org.br\/wordpress\/wp-content\/uploads\/2022\/08\/reuniao-glaustin-go-300x225.jpg 300w, https:\/\/www.confere.org.br\/wordpress\/wp-content\/uploads\/2022\/08\/reuniao-glaustin-go-768x576.jpg 768w\" sizes=\"(max-width: 583px) 100vw, 583px\" \/><figcaption>Participaram da reuni\u00e3o: Archimedes Cavalcanti J\u00fanior, presidente do Confere; Sidney Fernandes Gutierres, diretor-tesoureiro do Confere; Reiner Ferreira Leite, especialista executivo da Divis\u00e3o de Rela\u00e7\u00f5es Institucionais da CNC; C\u00e9lio Ribeiro Silva, presidente do Core-GO; Izaac Pereira In\u00e1cio, procurador-geral do Confere; Paulo Porto, gerente geral do Confere; Joaquim Fernandes, coordenador do Core-GO; e M\u00e1rio Pugas, advogado do Core-GO.<\/figcaption><\/figure>\n\n\n\n<p><\/p>\n\n\n\n<p>No encontro em que se debateu-se o Projeto de Lei  1461\/2022, o deputado Glaustin entendeu a necessidade da retirada da propositura e da constru\u00e7\u00e3o, conjunta, de um novo texto legislativo, equilibrado, contempor\u00e2neo e que atenda aos anseios das partes envolvidas na atividade econ\u00f4mica.<\/p>\n\n\n\n<p>\u201cVamos atuar juntos num projeto de lei que valorize e beneficie os representantes comerciais\u201d, afirmou  Glaustin.<\/p>\n\n\n\n<p><a rel=\"noreferrer noopener\" href=\"https:\/\/www.confere.org.br\/wordpress\/wp-content\/uploads\/2022\/08\/Retirada-de-Proposicao-Glaustin-da-Fokus.pdf\" target=\"_blank\">Clique aqui e leia o Requerimento de Retirada de Propositura. <\/a><\/p>\n\n\n\n<p> O requerimento foi deferido no dia 12 de agosto. Ou seja, ap\u00f3s o requerimento do deputado, o PL foi retirado de tramita\u00e7\u00e3o. <\/p>\n","protected":false},"excerpt":{"rendered":"<p>Ap\u00f3s reuni\u00e3o com dirigentes e colaboradores do Confere, Core-GO e CNC, o deputado federal Glaustin da Fokus retirou o Projeto de Lei 1461\/22, que precarizava a Lei n\u00ba 4.886\/65<\/p>\n","protected":false},"author":3,"featured_media":8383,"comment_status":"closed","ping_status":"closed","sticky":false,"template":"","format":"standard","meta":[],"categories":[34,49,17],"tags":[],"_links":{"self":[{"href":"https:\/\/www.confere.org.br\/wordpress\/wp-json\/wp\/v2\/posts\/8377"}],"collection":[{"href":"https:\/\/www.confere.org.br\/wordpress\/wp-json\/wp\/v2\/posts"}],"about":[{"href":"https:\/\/www.confere.org.br\/wordpress\/wp-json\/wp\/v2\/types\/post"}],"author":[{"embeddable":true,"href":"https:\/\/www.confere.org.br\/wordpress\/wp-json\/wp\/v2\/users\/3"}],"replies":[{"embeddable":true,"href":"https:\/\/www.confere.org.br\/wordpress\/wp-json\/wp\/v2\/comments?post=8377"}],"version-history":[{"count":6,"href":"https:\/\/www.confere.org.br\/wordpress\/wp-json\/wp\/v2\/posts\/8377\/revisions"}],"predecessor-version":[{"id":8393,"href":"https:\/\/www.confere.org.br\/wordpress\/wp-json\/wp\/v2\/posts\/8377\/revisions\/8393"}],"wp:featuredmedia":[{"embeddable":true,"href":"https:\/\/www.confere.org.br\/wordpress\/wp-json\/wp\/v2\/media\/8383"}],"wp:attachment":[{"href":"https:\/\/www.confere.org.br\/wordpress\/wp-json\/wp\/v2\/media?parent=8377"}],"wp:term":[{"taxonomy":"category","embeddable":true,"href":"https:\/\/www.confere.org.br\/wordpress\/wp-json\/wp\/v2\/categories?post=8377"},{"taxonomy":"post_tag","embeddable":true,"href":"https:\/\/www.confere.org.br\/wordpress\/wp-json\/wp\/v2\/tags?post=8377"}],"curies":[{"name":"wp","href":"https:\/\/api.w.org\/{rel}","templated":true}]}}