{"id":8486,"date":"2022-08-29T11:12:55","date_gmt":"2022-08-29T14:12:55","guid":{"rendered":"https:\/\/www.confere.org.br\/wordpress\/?p=8486"},"modified":"2022-08-29T11:15:58","modified_gmt":"2022-08-29T14:15:58","slug":"core-pe-participa-da-ficons-2022","status":"publish","type":"post","link":"https:\/\/www.confere.org.br\/wordpress\/core-pe-participa-da-ficons-2022\/","title":{"rendered":"Core-PE participa da FICONS 2022"},"content":{"rendered":"\n<p>O Core-PE participou da XII Feira Internacional de Materiais, Equipamentos e Servi\u00e7os da Constru\u00e7\u00e3o &#8211;&nbsp;<strong>FICONS<\/strong> 2022, entre os dias 23 a 26 de agosto. A feira reuniu diversos expositores da constru\u00e7\u00e3o, do com\u00e9rcio e do setor de servi\u00e7os na regi\u00e3o. O evento foi realizado no Centro de Conven\u00e7\u00f5es de Pernambuco e o Core-PE esteve presente com Diretores, Conselheiros e equipe t\u00e9cnica formada pelos setores de Fiscaliza\u00e7\u00e3o, Departamento Jur\u00eddico e atendimento, para orienta\u00e7\u00f5es gerais ao p\u00fablico, assessoria aos representantes e esclarecimentos quanto aos direitos e deveres do representante comercial.<\/p>\n\n\n\n<p>O objetivo da participa\u00e7\u00e3o dos Conselhos em feiras \u00e9 atender representantes comerciais, empresas que contratam estes profissionais e p\u00fablico em geral, visando <strong><em>d<\/em><\/strong><em><strong>isseminar, fomentar e desenvolver\u00a0<\/strong>a atividade da Representa\u00e7\u00e3o Comercial, por meio da\u00a0<\/em><strong>fiscaliza\u00e7\u00e3o, normatiza\u00e7\u00e3o e orienta\u00e7\u00e3o<\/strong><em>, promovendo, assim, a\u00a0<\/em><strong>tutela legal\u00a0 <\/strong><em>das rela\u00e7\u00f5es contratuais e\u00a0<\/em><strong>desempenho \u00e9tico-profissional<\/strong><em>\u00a0dos registrados.<\/em><\/p>\n\n\n\n<figure class=\"wp-block-image size-large\"><img width=\"1024\" height=\"899\" src=\"https:\/\/www.confere.org.br\/wordpress\/wp-content\/uploads\/2022\/08\/WhatsApp-Image-2022-08-29-at-11.05.11-1-1024x899.jpeg\" alt=\"\" class=\"wp-image-8493\" srcset=\"https:\/\/www.confere.org.br\/wordpress\/wp-content\/uploads\/2022\/08\/WhatsApp-Image-2022-08-29-at-11.05.11-1-1024x899.jpeg 1024w, https:\/\/www.confere.org.br\/wordpress\/wp-content\/uploads\/2022\/08\/WhatsApp-Image-2022-08-29-at-11.05.11-1-300x263.jpeg 300w, https:\/\/www.confere.org.br\/wordpress\/wp-content\/uploads\/2022\/08\/WhatsApp-Image-2022-08-29-at-11.05.11-1-768x674.jpeg 768w, https:\/\/www.confere.org.br\/wordpress\/wp-content\/uploads\/2022\/08\/WhatsApp-Image-2022-08-29-at-11.05.11-1-1536x1348.jpeg 1536w, https:\/\/www.confere.org.br\/wordpress\/wp-content\/uploads\/2022\/08\/WhatsApp-Image-2022-08-29-at-11.05.11-1-1568x1376.jpeg 1568w, https:\/\/www.confere.org.br\/wordpress\/wp-content\/uploads\/2022\/08\/WhatsApp-Image-2022-08-29-at-11.05.11-1.jpeg 1600w\" sizes=\"(max-width: 1024px) 100vw, 1024px\" \/><\/figure>\n\n\n\n<p><br><br>Fonte:\u00a0Core-PE<\/p>\n","protected":false},"excerpt":{"rendered":"<p>Diretores, Conselheiros e colaboradores do Regional prestam orienta\u00e7\u00f5es gerais ao p\u00fablico e assessoria aos representantes comerciais<\/p>\n","protected":false},"author":3,"featured_media":8487,"comment_status":"closed","ping_status":"closed","sticky":false,"template":"","format":"standard","meta":[],"categories":[34,49],"tags":[],"_links":{"self":[{"href":"https:\/\/www.confere.org.br\/wordpress\/wp-json\/wp\/v2\/posts\/8486"}],"collection":[{"href":"https:\/\/www.confere.org.br\/wordpress\/wp-json\/wp\/v2\/posts"}],"about":[{"href":"https:\/\/www.confere.org.br\/wordpress\/wp-json\/wp\/v2\/types\/post"}],"author":[{"embeddable":true,"href":"https:\/\/www.confere.org.br\/wordpress\/wp-json\/wp\/v2\/users\/3"}],"replies":[{"embeddable":true,"href":"https:\/\/www.confere.org.br\/wordpress\/wp-json\/wp\/v2\/comments?post=8486"}],"version-history":[{"count":3,"href":"https:\/\/www.confere.org.br\/wordpress\/wp-json\/wp\/v2\/posts\/8486\/revisions"}],"predecessor-version":[{"id":8494,"href":"https:\/\/www.confere.org.br\/wordpress\/wp-json\/wp\/v2\/posts\/8486\/revisions\/8494"}],"wp:featuredmedia":[{"embeddable":true,"href":"https:\/\/www.confere.org.br\/wordpress\/wp-json\/wp\/v2\/media\/8487"}],"wp:attachment":[{"href":"https:\/\/www.confere.org.br\/wordpress\/wp-json\/wp\/v2\/media?parent=8486"}],"wp:term":[{"taxonomy":"category","embeddable":true,"href":"https:\/\/www.confere.org.br\/wordpress\/wp-json\/wp\/v2\/categories?post=8486"},{"taxonomy":"post_tag","embeddable":true,"href":"https:\/\/www.confere.org.br\/wordpress\/wp-json\/wp\/v2\/tags?post=8486"}],"curies":[{"name":"wp","href":"https:\/\/api.w.org\/{rel}","templated":true}]}}