{"id":8495,"date":"2022-08-29T16:37:03","date_gmt":"2022-08-29T19:37:03","guid":{"rendered":"https:\/\/www.confere.org.br\/wordpress\/?p=8495"},"modified":"2022-08-29T16:38:53","modified_gmt":"2022-08-29T19:38:53","slug":"fgv-confianca-da-industria-sobe-08-ponto-em-agosto","status":"publish","type":"post","link":"https:\/\/www.confere.org.br\/wordpress\/fgv-confianca-da-industria-sobe-08-ponto-em-agosto\/","title":{"rendered":"FGV: confian\u00e7a da ind\u00fastria sobe 0,8 ponto em agosto"},"content":{"rendered":"\n<p>O \u00cdndice de Confian\u00e7a da Ind\u00fastria (ICI) subiu 0,8 ponto em agosto&nbsp;para 100,3 pontos. Em m\u00e9dias m\u00f3veis trimestrais, a eleva\u00e7\u00e3o foi de 0,2 ponto. Os dados foram divulgados&nbsp;hoje&nbsp;(29) pelo Instituto Brasileiro de Economia da Funda\u00e7\u00e3o Getulio Vargas (FGV Ibre).<img src=\"https:\/\/agenciabrasil.ebc.com.br\/ebc.png?id=1479363&amp;o=node\"><img src=\"https:\/\/agenciabrasil.ebc.com.br\/ebc.gif?id=1479363&amp;o=node\"><\/p>\n\n\n\n<p>De acordo com o economista St\u00e9fano Pacini, do instituto, a alta indica o bom n\u00edvel de atividade mantido pelo setor no terceiro trimestre, com a melhora do ambiente de neg\u00f3cios influenciada pela descompress\u00e3o de custos com a queda de pre\u00e7os de combust\u00edveis e energia.<\/p>\n\n\n\n<p>&#8220;Os n\u00edveis de demanda ainda est\u00e3o positivos e os estoques se mant\u00eam equilibrados, apesar do cen\u00e1rio ainda problem\u00e1tico quanto ao suprimento de alguns tipos de insumos. Esse quadro favor\u00e1vel se reflete nas previs\u00f5es ainda favor\u00e1veis para a evolu\u00e7\u00e3o do emprego no setor nos tr\u00eas meses. Nos demais quesitos que medem expectativas em rela\u00e7\u00e3o ao futuro pr\u00f3ximo, nota-se alguma cautela dos empres\u00e1rios frente a um segundo semestre de elei\u00e7\u00f5es e manuten\u00e7\u00e3o de juros mais elevados&#8221;.<\/p>\n\n\n\n<h4><br>Componentes<\/h4>\n\n\n\n<p>Os dados mostram que houve alta da confian\u00e7a em nove dos 19 segmentos industriais monitorados pela sondagem em agosto. O \u00cdndice Situa\u00e7\u00e3o Atual (ISA) avan\u00e7ou 1,4 ponto e chegou a 102,8 pontos. O \u00cdndice de Expectativas (IE) subiu 0,3 pontos e atingiu 97,9 pontos.<\/p>\n\n\n\n<p>Segundo o FGV Ibre, o melhor desempenho no ISA foi verificado no indicador que mede o n\u00edvel dos estoques, com o recuo de 2,9 pontos, para 96,7 pontos. Isso coloca o indicador na regi\u00e3o neutra, apontando que os estoques estariam equilibrados.<\/p>\n\n\n\n<p>O indicador que mede a percep\u00e7\u00e3o dos empres\u00e1rios em rela\u00e7\u00e3o \u00e0 situa\u00e7\u00e3o atual dos neg\u00f3cios subiu 0,6 ponto, para 101,7 pontos. E o grau de satisfa\u00e7\u00e3o das empresas com o n\u00edvel de demanda avan\u00e7ou 0,4 ponto, para e 103,2 pontos.<\/p>\n\n\n\n<p>Nos indicadores de expectativa, a principal influ\u00eancia veio da tend\u00eancia dos neg\u00f3cios para os pr\u00f3ximos seis meses, com alta de 3 pontos em agosto, para 96,9 pontos. Apesar disso, o FGV Ibre aponta que o indicador continua em patamar baixo em n\u00edveis hist\u00f3ricos.<\/p>\n\n\n\n<p>J\u00e1 o indicador que mede o otimismo com a evolu\u00e7\u00e3o da produ\u00e7\u00e3o f\u00edsica nos tr\u00eas meses seguintes caiu 3 pontos, para 92,1 pontos. O resultado \u00e9 o mais baixo desde mar\u00e7o deste ano, quando o indicador chegou a 90,3 pontos.<\/p>\n\n\n\n<p>Por outro lado, a expectativa de emprego nos tr\u00eas meses seguintes teve alta pelo quinto m\u00eas consecutivo, de 0,7 ponto, para 104,6 pontos, alcan\u00e7ando o melhor resultado desde outubro de 2021, quando o indicador ficou em 108,1 pontos.<\/p>\n\n\n\n<p>O N\u00edvel de Utiliza\u00e7\u00e3o da Capacidade Instalada da Ind\u00fastria se manteve est\u00e1vel em agosto, com varia\u00e7\u00e3o de -0,1 ponto percentual, para 82,2%.<\/p>\n\n\n\n<p><br><br>Fonte: <a href=\"https:\/\/agenciabrasil.ebc.com.br\/economia\/noticia\/2022-08\/fgv-confianca-da-industria-sobe-08-ponto-para-1003-pontos\" target=\"_blank\" rel=\"noreferrer noopener\">Ag\u00eancia Brasil<\/a><\/p>\n","protected":false},"excerpt":{"rendered":"<p>Com resultado, o \u00edndice chega a 100,3 pontos no m\u00eas<\/p>\n","protected":false},"author":3,"featured_media":8497,"comment_status":"closed","ping_status":"closed","sticky":false,"template":"","format":"standard","meta":[],"categories":[2],"tags":[],"_links":{"self":[{"href":"https:\/\/www.confere.org.br\/wordpress\/wp-json\/wp\/v2\/posts\/8495"}],"collection":[{"href":"https:\/\/www.confere.org.br\/wordpress\/wp-json\/wp\/v2\/posts"}],"about":[{"href":"https:\/\/www.confere.org.br\/wordpress\/wp-json\/wp\/v2\/types\/post"}],"author":[{"embeddable":true,"href":"https:\/\/www.confere.org.br\/wordpress\/wp-json\/wp\/v2\/users\/3"}],"replies":[{"embeddable":true,"href":"https:\/\/www.confere.org.br\/wordpress\/wp-json\/wp\/v2\/comments?post=8495"}],"version-history":[{"count":1,"href":"https:\/\/www.confere.org.br\/wordpress\/wp-json\/wp\/v2\/posts\/8495\/revisions"}],"predecessor-version":[{"id":8496,"href":"https:\/\/www.confere.org.br\/wordpress\/wp-json\/wp\/v2\/posts\/8495\/revisions\/8496"}],"wp:featuredmedia":[{"embeddable":true,"href":"https:\/\/www.confere.org.br\/wordpress\/wp-json\/wp\/v2\/media\/8497"}],"wp:attachment":[{"href":"https:\/\/www.confere.org.br\/wordpress\/wp-json\/wp\/v2\/media?parent=8495"}],"wp:term":[{"taxonomy":"category","embeddable":true,"href":"https:\/\/www.confere.org.br\/wordpress\/wp-json\/wp\/v2\/categories?post=8495"},{"taxonomy":"post_tag","embeddable":true,"href":"https:\/\/www.confere.org.br\/wordpress\/wp-json\/wp\/v2\/tags?post=8495"}],"curies":[{"name":"wp","href":"https:\/\/api.w.org\/{rel}","templated":true}]}}