{"id":8499,"date":"2022-08-30T15:20:13","date_gmt":"2022-08-30T18:20:13","guid":{"rendered":"https:\/\/www.confere.org.br\/wordpress\/?p=8499"},"modified":"2022-10-18T15:33:01","modified_gmt":"2022-10-18T17:33:01","slug":"dispensa-eletronica-no-026-2022-aquisicao-de-equipamento-headset","status":"publish","type":"post","link":"https:\/\/www.confere.org.br\/wordpress\/dispensa-eletronica-no-026-2022-aquisicao-de-equipamento-headset\/","title":{"rendered":"Dispensa Eletr\u00f4nica n\u00ba 026\/2022 &#8211; Aquisi\u00e7\u00e3o de Equipamento (HEADSET)"},"content":{"rendered":"\n<ul><li><a rel=\"noreferrer noopener\" href=\"https:\/\/www.confere.org.br\/wordpress\/wp-content\/uploads\/2022\/08\/TR-HEADSET.pdf\" target=\"_blank\">Termo de Refer\u00eancia<\/a> <\/li><li><a href=\"https:\/\/www.confere.org.br\/wordpress\/wp-content\/uploads\/2022\/09\/AUTORIZACAO-DO-ORDENADOR-DE-DESPESA-PARA-PUBLICACAO.pdf\">Autoriza\u00e7\u00e3o do Ordenador de Despesa para Publica\u00e7\u00e3o<\/a><\/li><li>Link PNCP: <a rel=\"noreferrer noopener\" href=\"https:\/\/pncp.gov.br\/app\/editais\/34046367000168\/2022\/25\" target=\"_blank\">https:\/\/pncp.gov.br\/app\/editais\/34046367000168\/2022\/25 <\/a><\/li><li>18\/10\/2022 &#8211; <a href=\"https:\/\/www.confere.org.br\/wordpress\/wp-content\/uploads\/2022\/10\/relatorio_dispensa_389047_322022.pdf\" target=\"_blank\" rel=\"noreferrer noopener\">RELAT\u00d3RIO HOMOLOGADO<\/a><\/li><\/ul>\n","protected":false},"excerpt":{"rendered":"<p>Termo de Refer\u00eancia Autoriza\u00e7\u00e3o do Ordenador de Despesa para Publica\u00e7\u00e3o Link PNCP: https:\/\/pncp.gov.br\/app\/editais\/34046367000168\/2022\/25 18\/10\/2022 &#8211; RELAT\u00d3RIO HOMOLOGADO<\/p>\n","protected":false},"author":3,"featured_media":0,"comment_status":"closed","ping_status":"closed","sticky":false,"template":"","format":"standard","meta":[],"categories":[60],"tags":[],"_links":{"self":[{"href":"https:\/\/www.confere.org.br\/wordpress\/wp-json\/wp\/v2\/posts\/8499"}],"collection":[{"href":"https:\/\/www.confere.org.br\/wordpress\/wp-json\/wp\/v2\/posts"}],"about":[{"href":"https:\/\/www.confere.org.br\/wordpress\/wp-json\/wp\/v2\/types\/post"}],"author":[{"embeddable":true,"href":"https:\/\/www.confere.org.br\/wordpress\/wp-json\/wp\/v2\/users\/3"}],"replies":[{"embeddable":true,"href":"https:\/\/www.confere.org.br\/wordpress\/wp-json\/wp\/v2\/comments?post=8499"}],"version-history":[{"count":4,"href":"https:\/\/www.confere.org.br\/wordpress\/wp-json\/wp\/v2\/posts\/8499\/revisions"}],"predecessor-version":[{"id":9223,"href":"https:\/\/www.confere.org.br\/wordpress\/wp-json\/wp\/v2\/posts\/8499\/revisions\/9223"}],"wp:attachment":[{"href":"https:\/\/www.confere.org.br\/wordpress\/wp-json\/wp\/v2\/media?parent=8499"}],"wp:term":[{"taxonomy":"category","embeddable":true,"href":"https:\/\/www.confere.org.br\/wordpress\/wp-json\/wp\/v2\/categories?post=8499"},{"taxonomy":"post_tag","embeddable":true,"href":"https:\/\/www.confere.org.br\/wordpress\/wp-json\/wp\/v2\/tags?post=8499"}],"curies":[{"name":"wp","href":"https:\/\/api.w.org\/{rel}","templated":true}]}}