{"id":8502,"date":"2022-08-30T15:42:45","date_gmt":"2022-08-30T18:42:45","guid":{"rendered":"https:\/\/www.confere.org.br\/wordpress\/?p=8502"},"modified":"2022-08-30T15:42:46","modified_gmt":"2022-08-30T18:42:46","slug":"fgv-confianca-do-setor-de-servicos-cai-02-ponto-em-agosto","status":"publish","type":"post","link":"https:\/\/www.confere.org.br\/wordpress\/fgv-confianca-do-setor-de-servicos-cai-02-ponto-em-agosto\/","title":{"rendered":"FGV: confian\u00e7a do setor de servi\u00e7os cai 0,2 ponto em agosto"},"content":{"rendered":"\n<p>O \u00cdndice de Confian\u00e7a de Servi\u00e7os teve queda de 0,2 ponto em agosto, varia\u00e7\u00e3o considerada &#8220;estabilidade&#8221; pelo Instituto Brasileiro de Economia da Funda\u00e7\u00e3o Get\u00falio Vargas (Ibre\/FGV), que divulgou&nbsp;hoje&nbsp;(30) a pesquisa. A varia\u00e7\u00e3o num\u00e9rica negativa interrompe uma sequ\u00eancia de cinco altas consecutivas e reflete uma percep\u00e7\u00e3o de desacelera\u00e7\u00e3o da demanda atual.<img src=\"https:\/\/agenciabrasil.ebc.com.br\/ebc.png?id=1479738&amp;o=node\"><img src=\"https:\/\/agenciabrasil.ebc.com.br\/ebc.gif?id=1479738&amp;o=node\"><\/p>\n\n\n\n<p>A sondagem ouviu 1.548 empresas, entre os dias 1 e&nbsp;26 de agosto, e mostra que a&nbsp;avalia\u00e7\u00e3o da situa\u00e7\u00e3o atual e das expectativas para o futuro se moveram em dire\u00e7\u00f5es diferentes com pequena intensidade.<\/p>\n\n\n\n<p>A&nbsp;percep\u00e7\u00e3o da situa\u00e7\u00e3o atual piorou de 100,8 para 100,1 pontos em agosto, mantendo-se acima dos 100 pontos, patamar considerado neutro na escala da pesquisa. Valores abaixo dessa linha s\u00e3o qualificados como negativos.&nbsp;<\/p>\n\n\n\n<p>As expectativas, por outro lado, variaram de 100,9 para 101,3 pontos, chegando ao maior valor desde outubro de 2021. Para o economista Rodolpho Tobler, do instituto, a desacelera\u00e7\u00e3o da infla\u00e7\u00e3o e o aumento dos recursos das fam\u00edlias com aumento dos programas do governo podem estar influenciando na melhora das expectativas do segmento.<\/p>\n\n\n\n<p>&#8220;Neste m\u00eas, apesar de uma avalia\u00e7\u00e3o favor\u00e1vel sobre a situa\u00e7\u00e3o atual dos neg\u00f3cios, h\u00e1 uma percep\u00e7\u00e3o de desacelera\u00e7\u00e3o na demanda atual. Apesar disso, ainda \u00e9 cedo para afirmar que haver\u00e1 uma revers\u00e3o da tend\u00eancia positiva que vinha ocorrendo. Apesar de um ambiente macroecon\u00f4mico desafiador e com sinais de desacelera\u00e7\u00e3o, a redu\u00e7\u00e3o da infla\u00e7\u00e3o e as medidas de est\u00edmulo feitas pelo governo parecem sustentar os resultados favor\u00e1veis at\u00e9 o momento.&#8221;<\/p>\n\n\n\n<p><br><br>Fonte: <a href=\"https:\/\/agenciabrasil.ebc.com.br\/economia\/noticia\/2022-08\/confianca-do-setor-de-servicos-cai-02-ponto-em-agosto\" target=\"_blank\" rel=\"noreferrer noopener\">Ag\u00eancia Brasil<\/a><\/p>\n","protected":false},"excerpt":{"rendered":"<p>Sondagem ouviu 1.548 empresas, entre os dias 1 e 26 deste m\u00eas<\/p>\n","protected":false},"author":3,"featured_media":8503,"comment_status":"closed","ping_status":"closed","sticky":false,"template":"","format":"standard","meta":[],"categories":[2],"tags":[],"_links":{"self":[{"href":"https:\/\/www.confere.org.br\/wordpress\/wp-json\/wp\/v2\/posts\/8502"}],"collection":[{"href":"https:\/\/www.confere.org.br\/wordpress\/wp-json\/wp\/v2\/posts"}],"about":[{"href":"https:\/\/www.confere.org.br\/wordpress\/wp-json\/wp\/v2\/types\/post"}],"author":[{"embeddable":true,"href":"https:\/\/www.confere.org.br\/wordpress\/wp-json\/wp\/v2\/users\/3"}],"replies":[{"embeddable":true,"href":"https:\/\/www.confere.org.br\/wordpress\/wp-json\/wp\/v2\/comments?post=8502"}],"version-history":[{"count":1,"href":"https:\/\/www.confere.org.br\/wordpress\/wp-json\/wp\/v2\/posts\/8502\/revisions"}],"predecessor-version":[{"id":8504,"href":"https:\/\/www.confere.org.br\/wordpress\/wp-json\/wp\/v2\/posts\/8502\/revisions\/8504"}],"wp:featuredmedia":[{"embeddable":true,"href":"https:\/\/www.confere.org.br\/wordpress\/wp-json\/wp\/v2\/media\/8503"}],"wp:attachment":[{"href":"https:\/\/www.confere.org.br\/wordpress\/wp-json\/wp\/v2\/media?parent=8502"}],"wp:term":[{"taxonomy":"category","embeddable":true,"href":"https:\/\/www.confere.org.br\/wordpress\/wp-json\/wp\/v2\/categories?post=8502"},{"taxonomy":"post_tag","embeddable":true,"href":"https:\/\/www.confere.org.br\/wordpress\/wp-json\/wp\/v2\/tags?post=8502"}],"curies":[{"name":"wp","href":"https:\/\/api.w.org\/{rel}","templated":true}]}}