{"id":8505,"date":"2022-08-30T16:21:37","date_gmt":"2022-08-30T19:21:37","guid":{"rendered":"https:\/\/www.confere.org.br\/wordpress\/?p=8505"},"modified":"2022-08-31T10:30:51","modified_gmt":"2022-08-31T13:30:51","slug":"sistema-confere-cores-marca-presenca-na-6a-edicao-da-conferencia-nacional-dos-conselhos-profissionais","status":"publish","type":"post","link":"https:\/\/www.confere.org.br\/wordpress\/sistema-confere-cores-marca-presenca-na-6a-edicao-da-conferencia-nacional-dos-conselhos-profissionais\/","title":{"rendered":"Sistema Confere\/Cores marca presen\u00e7a na 6\u00aa edi\u00e7\u00e3o da Confer\u00eancia Nacional dos Conselhos Profissionais"},"content":{"rendered":"\n<p>O Confere e 17 Cores est\u00e3o participando da 6\u00aa edi\u00e7\u00e3o da Confer\u00eancia Nacional dos Conselhos Profissionais, de 29 de agosto a 1\u00b0 de setembro, no Centro de Eventos Brasil 21, em Bras\u00edlia.<\/p>\n\n\n\n<p>Neste ano, a edi\u00e7\u00e3o tem como tema principal \u201cO valor p\u00fablico das Autarquias Profissionais e a demanda por inova\u00e7\u00e3o\u201d.<\/p>\n\n\n\n<p>No Painel inaugural do evento, estavam presentes: o ministro do Tribunal de Contas da Uni\u00e3o, Andr\u00e9 Lu\u00eds de Carvalho; o ministro da Controladoria-Geral da Uni\u00e3o, Wagner Ros\u00e1rio; o secret\u00e1rio executivo do F\u00f3rum dos Conselhos Federais das Profiss\u00f5es Regulamentadas, Jenner de Morais; e o presidente do F\u00f3rum dos Conselhos Federais das Profiss\u00f5es Regulamentadas, Mauro Kreuz; mediados por Paulo Porto, gerente geral do Confere. O tema debatido foi \u201cA\u00e7\u00f5es inovadoras, Supervis\u00e3o e Controle Externo no \u00e2mbito dos Conselhos Profissionais \u2013 Debate com TCU e CGU\u201d.<\/p>\n\n\n\n<p>Ap\u00f3s o debate, foi realizada a entrega do pr\u00eamio melhores Pr\u00e1ticas Aplic\u00e1veis aos Conselhos Profissionais.<\/p>\n\n\n\n<p>Nesta edi\u00e7\u00e3o, o Core-PE foi premiado na categoria \u201cTranspar\u00eancia e Presta\u00e7\u00e3o de Contas\u201d. J\u00e1 o Core-SP, recebeu o pr\u00eamio na categoria \u201cLicita\u00e7\u00e3o (NLCC)\u201d, um reconhecimento ao bom trabalho dos profissionais do Sistema Confere\/Cores, em busca de inova\u00e7\u00e3o e gera\u00e7\u00e3o de valor.<\/p>\n\n\n\n<p><strong>Confira os vencedores:<\/strong><\/p>\n\n\n\n<p><strong>Pr\u00eamio 1<\/strong> &#8211; Pr\u00eamio Relat\u00f3rio de Gest\u00e3o, Exerc\u00edcio 2021.<\/p>\n\n\n\n<p>&#8211; Conselho Federal de Contabilidade \u2013 CFC<\/p>\n\n\n\n<p><br><strong>Pr\u00eamio 2<\/strong> &#8211; Pr\u00eamio Inova\u00e7\u00e3o na Fiscaliza\u00e7\u00e3o (atividade final\u00edstica).<\/p>\n\n\n\n<p>&#8211; Conselho Regional de Qu\u00edmica &#8211; IV Regi\u00e3o &#8211; CRQ IV<\/p>\n\n\n\n<p>&#8211; Conselho Regional de T\u00e9cnicos Industriais no Estado de S\u00e3o Paulo &#8211; CRT-SP<\/p>\n\n\n\n<p>&#8211; Conselho Federal de Odontologia CFO<\/p>\n\n\n\n<p><br><strong>Pr\u00eamio 3<\/strong>&#8211; Pr\u00eamio Regulamenta\u00e7\u00e3o na Cobran\u00e7a de Inadimplentes<\/p>\n\n\n\n<p>&#8211; Conselho Regional de Nutricionistas &#8211; 4\u00ba Regi\u00e3o CRN4<\/p>\n\n\n\n<p><br><strong>Pr\u00eamio 4<\/strong>&#8211; Pr\u00eamio Transpar\u00eancia e Presta\u00e7\u00e3o de Contas<\/p>\n\n\n\n<p>&#8211; Conselho Regional de Educa\u00e7\u00e3o F\u00edsica da 12\u00aa Regi\u00e3o\/Pernambuco &#8211; CREF-12\/PE<\/p>\n\n\n\n<p>&#8211; Conselho Regional de Representantes Comerciais no Estado de Pernambuco &#8211; CORE-PE<\/p>\n\n\n\n<p><br><strong>Pr\u00eamio 5<\/strong>&#8211; Pr\u00eamio Planejamento Estrat\u00e9gico.<\/p>\n\n\n\n<p>&#8211; Conselho de Arquitetura e Urbanismo de S\u00e3o Paulo &#8211; CAU-SP<\/p>\n\n\n\n<p><br><strong>Pr\u00eamio 6<\/strong>&#8211; Pr\u00eamio Coopera\u00e7\u00e3o Institucional<\/p>\n\n\n\n<p>&#8211; Conselho Federal de Qu\u00edmica \u2013 CFQ<\/p>\n\n\n\n<p><br><strong>Pr\u00eamio 7<\/strong>&#8211; Pr\u00eamio Fase de Planejamento da Licita\u00e7\u00e3o<\/p>\n\n\n\n<p>&#8211; Conselho Regional de Medicina do Estado do Rio de Janeiro \u2013 CREMERJ<\/p>\n\n\n\n<p><br><strong>Pr\u00eamio 8<\/strong>&#8211; Pr\u00eamio Licita\u00e7\u00e3o (NLCC).<\/p>\n\n\n\n<p>&#8211; Conselho Regional de Representantes Comerciais no Estado de S\u00e3o Paulo &#8211; CORE \u2013 SP<\/p>\n\n\n\n<p><br><strong>Pr\u00eamio 9<\/strong>&#8211; Pr\u00eamio Regulamenta\u00e7\u00e3o da Execu\u00e7\u00e3o &#8211; Contratual (fiscal e gestor)<\/p>\n\n\n\n<p>&#8211; Conselho Regional de Contabilidade de Minais Gerais &#8211; CRC-MG<\/p>\n\n\n\n<p><br><strong>Pr\u00eamio 10<\/strong> &#8211; Pr\u00eamio Melhor A\u00e7\u00e3o Social<\/p>\n\n\n\n<p>&#8211; Conselho Federal de Qu\u00edmica \u2013 CFQ<\/p>\n\n\n\n<p><br><br>Ao longo do evento, os gestores e colaboradores do Sistema Confere\/Cores participar\u00e3o de palestras, oficinas, talkshows e pain\u00e9is sobre gest\u00e3o, governan\u00e7a, licita\u00e7\u00f5es, fiscaliza\u00e7\u00e3o, comunica\u00e7\u00e3o, dentre outros temas.<\/p>\n","protected":false},"excerpt":{"rendered":"<p>Core-PE e Core-SP foram vencedores no pr\u00eamio melhores Pr\u00e1ticas Aplic\u00e1veis aos Conselhos Profissionais<\/p>\n","protected":false},"author":3,"featured_media":8501,"comment_status":"closed","ping_status":"closed","sticky":false,"template":"","format":"standard","meta":[],"categories":[34,49,17],"tags":[],"_links":{"self":[{"href":"https:\/\/www.confere.org.br\/wordpress\/wp-json\/wp\/v2\/posts\/8505"}],"collection":[{"href":"https:\/\/www.confere.org.br\/wordpress\/wp-json\/wp\/v2\/posts"}],"about":[{"href":"https:\/\/www.confere.org.br\/wordpress\/wp-json\/wp\/v2\/types\/post"}],"author":[{"embeddable":true,"href":"https:\/\/www.confere.org.br\/wordpress\/wp-json\/wp\/v2\/users\/3"}],"replies":[{"embeddable":true,"href":"https:\/\/www.confere.org.br\/wordpress\/wp-json\/wp\/v2\/comments?post=8505"}],"version-history":[{"count":3,"href":"https:\/\/www.confere.org.br\/wordpress\/wp-json\/wp\/v2\/posts\/8505\/revisions"}],"predecessor-version":[{"id":8583,"href":"https:\/\/www.confere.org.br\/wordpress\/wp-json\/wp\/v2\/posts\/8505\/revisions\/8583"}],"wp:featuredmedia":[{"embeddable":true,"href":"https:\/\/www.confere.org.br\/wordpress\/wp-json\/wp\/v2\/media\/8501"}],"wp:attachment":[{"href":"https:\/\/www.confere.org.br\/wordpress\/wp-json\/wp\/v2\/media?parent=8505"}],"wp:term":[{"taxonomy":"category","embeddable":true,"href":"https:\/\/www.confere.org.br\/wordpress\/wp-json\/wp\/v2\/categories?post=8505"},{"taxonomy":"post_tag","embeddable":true,"href":"https:\/\/www.confere.org.br\/wordpress\/wp-json\/wp\/v2\/tags?post=8505"}],"curies":[{"name":"wp","href":"https:\/\/api.w.org\/{rel}","templated":true}]}}