{"id":8533,"date":"2022-08-30T16:46:38","date_gmt":"2022-08-30T19:46:38","guid":{"rendered":"https:\/\/www.confere.org.br\/wordpress\/?p=8533"},"modified":"2022-08-30T17:04:55","modified_gmt":"2022-08-30T20:04:55","slug":"sua-carteira-profissional-agora-com-versao-digital","status":"publish","type":"post","link":"https:\/\/www.confere.org.br\/wordpress\/sua-carteira-profissional-agora-com-versao-digital\/","title":{"rendered":"Sua carteira profissional agora com vers\u00e3o digital"},"content":{"rendered":"\n<p>Desenvolvida pelo <a rel=\"noreferrer noopener\" href=\"https:\/\/tecnoblog.net\/responde\/o-que-e-serpro\/\" target=\"_blank\">Serpro<\/a> (Servi\u00e7o Federal de Processamento de Dados, empresa p\u00fablica vinculada ao Minist\u00e9rio da Fazenda), a carteira pode ser acessada pelo aplicativo <a rel=\"noreferrer noopener\" href=\"https:\/\/www.loja.serpro.gov.br\/en\/proid\" target=\"_blank\">ProID<\/a> e equivale \u00e0 vers\u00e3o f\u00edsica. Os documentos emitidos por meio do ProID t\u00eam um QR Code para verificar sua autenticidade a fim de evitar fraudes.\u00a0\u00a0<\/p>\n\n\n\n<p>A nova carteira profissional digital \u00e9 gratuita. Para solicitar, basta ter os seus dados cadastrais atualizados e comparecer ao Core. Para o profissional, significa agilidade na solicita\u00e7\u00e3o do documento, na identifica\u00e7\u00e3o e confirma\u00e7\u00e3o da habilita\u00e7\u00e3o profissional sempre que for preciso.&nbsp;<\/p>\n\n\n\n<p>Segundo Jos\u00e9 Temoteo Gomes da Veiga, representante comercial ga\u00facho, que foi o primeiro a receber a carteira digital no Core-RS, as vantagens s\u00e3o custo zero para a categoria, seguran\u00e7a e sustentabilidade.&nbsp;<\/p>\n\n\n\n<p>&nbsp;\u201cOs benef\u00edcios v\u00e3o al\u00e9m da economia de recursos com a elimina\u00e7\u00e3o de equipamentos e insumos na emiss\u00e3o dos documentos f\u00edsicos, a carteira digital impede o uso de documenta\u00e7\u00e3o vencida, facilita a atualiza\u00e7\u00e3o dos dados cadastrais e a comunica\u00e7\u00e3o entre o Regional e o representante comercial\u201d, frisou Roberto Salvo, diretor-presidente do Core-RS.&nbsp;<\/p>\n","protected":false},"excerpt":{"rendered":"<p>Praticidade e tranquilidade de ter sua identidade funcional dispon\u00edvel em dispositivos m\u00f3veis, a qualquer hora e lugar, mesmo sem internet s\u00e3o alguns dos benef\u00edcios da carteira profissional digital<\/p>\n","protected":false},"author":3,"featured_media":8566,"comment_status":"closed","ping_status":"closed","sticky":false,"template":"","format":"standard","meta":[],"categories":[34,49,17],"tags":[],"_links":{"self":[{"href":"https:\/\/www.confere.org.br\/wordpress\/wp-json\/wp\/v2\/posts\/8533"}],"collection":[{"href":"https:\/\/www.confere.org.br\/wordpress\/wp-json\/wp\/v2\/posts"}],"about":[{"href":"https:\/\/www.confere.org.br\/wordpress\/wp-json\/wp\/v2\/types\/post"}],"author":[{"embeddable":true,"href":"https:\/\/www.confere.org.br\/wordpress\/wp-json\/wp\/v2\/users\/3"}],"replies":[{"embeddable":true,"href":"https:\/\/www.confere.org.br\/wordpress\/wp-json\/wp\/v2\/comments?post=8533"}],"version-history":[{"count":2,"href":"https:\/\/www.confere.org.br\/wordpress\/wp-json\/wp\/v2\/posts\/8533\/revisions"}],"predecessor-version":[{"id":8568,"href":"https:\/\/www.confere.org.br\/wordpress\/wp-json\/wp\/v2\/posts\/8533\/revisions\/8568"}],"wp:featuredmedia":[{"embeddable":true,"href":"https:\/\/www.confere.org.br\/wordpress\/wp-json\/wp\/v2\/media\/8566"}],"wp:attachment":[{"href":"https:\/\/www.confere.org.br\/wordpress\/wp-json\/wp\/v2\/media?parent=8533"}],"wp:term":[{"taxonomy":"category","embeddable":true,"href":"https:\/\/www.confere.org.br\/wordpress\/wp-json\/wp\/v2\/categories?post=8533"},{"taxonomy":"post_tag","embeddable":true,"href":"https:\/\/www.confere.org.br\/wordpress\/wp-json\/wp\/v2\/tags?post=8533"}],"curies":[{"name":"wp","href":"https:\/\/api.w.org\/{rel}","templated":true}]}}