{"id":8646,"date":"2022-09-09T13:57:13","date_gmt":"2022-09-09T16:57:13","guid":{"rendered":"https:\/\/www.confere.org.br\/wordpress\/?p=8646"},"modified":"2022-12-26T08:33:04","modified_gmt":"2022-12-26T11:33:04","slug":"eleicao-core-pa-trienio-2022-2025","status":"publish","type":"post","link":"https:\/\/www.confere.org.br\/wordpress\/eleicao-core-pa-trienio-2022-2025\/","title":{"rendered":"ELEI\u00c7\u00c3O CORE-PA &#8211; TRI\u00caNIO 2022\/2025"},"content":{"rendered":"\n<p>1. <a href=\"https:\/\/www.confere.org.br\/wordpress\/wp-content\/uploads\/2022\/09\/Resolucao-2035-DOU.pdf\" target=\"_blank\" rel=\"noreferrer noopener\">Resolu\u00e7\u00e3o n\u00ba 2.035\/2022<\/a><\/p>\n\n\n\n<p><a href=\"https:\/\/www.confere.org.br\/wordpress\/wp-content\/uploads\/2022\/09\/Resolucao-2035-DOU.pdf\" target=\"_blank\" rel=\"noreferrer noopener\">&#8211; Publicada no DOU, no dia 09\/09\/2022<\/a><\/p>\n\n\n\n<p>2. Edital de Convoca\u00e7\u00e3o<\/p>\n\n\n\n<p>&#8211; <a href=\"https:\/\/www.confere.org.br\/wordpress\/wp-content\/uploads\/2022\/09\/Edital-de-Convocacao-DOU.pdf\" target=\"_blank\" rel=\"noreferrer noopener\">Publicado no DOU, no dia 09\/09\/2022<\/a><\/p>\n\n\n\n<p><a href=\"https:\/\/www.confere.org.br\/wordpress\/wp-content\/uploads\/2022\/09\/Edital-de-Convocacao-Jornal-Amazonia.pdf\" target=\"_blank\" rel=\"noreferrer noopener\">&#8211; Publicado no Jornal Amaz\u00f4nia, no dia 09\/09\/2022<\/a><\/p>\n\n\n\n<p><a href=\"https:\/\/www.confere.org.br\/wordpress\/wp-content\/uploads\/2022\/09\/Regulamento-Eleitoral-Core-PA.pdf\" target=\"_blank\" rel=\"noreferrer noopener\">3. Regulamento Eleitoral<\/a><\/p>\n\n\n\n<p><a href=\"https:\/\/www.confere.org.br\/wordpress\/wp-content\/uploads\/2022\/09\/REQUERIMENTO-REGISTRO-DE-CHAPA-CORE-PA.pdf\" target=\"_blank\" rel=\"noreferrer noopener\">4. Requerimento de Registro de Chapa<\/a><\/p>\n\n\n\n<p>5<a href=\"https:\/\/www.confere.org.br\/wordpress\/wp-content\/uploads\/2022\/09\/FICHA-DE-QUALIFICACAO-CORE-PA.pdf\" target=\"_blank\" rel=\"noreferrer noopener\">. Ficha de Qualifica\u00e7\u00e3o<\/a><\/p>\n\n\n\n<p><a rel=\"noreferrer noopener\" href=\"https:\/\/www.confere.org.br\/wordpress\/wp-content\/uploads\/2022\/09\/DECLARACAO-DE-AQUIESCENCIA-CORE-PA.pdf\" target=\"_blank\">6. Declara\u00e7\u00e3o de Aquiesc\u00eancia<\/a><\/p>\n\n\n\n<p>7. Aviso de Registro de Chapa<\/p>\n\n\n\n<p><a rel=\"noreferrer noopener\" href=\"https:\/\/www.confere.org.br\/wordpress\/wp-content\/uploads\/2022\/09\/Aviso-de-Registro-de-Chapa-Publicacao-DOU.pdf\" target=\"_blank\">&#8211; Publicado no DOU, no dia 28\/09\/2022<\/a><\/p>\n\n\n\n<p><a href=\"https:\/\/www.confere.org.br\/wordpress\/wp-content\/uploads\/2022\/09\/Aviso-de-Registro-de-Chapa-Publicacao-Jornal-Amazonia.pdf\" target=\"_blank\" rel=\"noreferrer noopener\">&#8211; Publicado no Jornal Amaz\u00f4nia, no dia 28\/09\/2022<\/a><\/p>\n","protected":false},"excerpt":{"rendered":"<p>Processo Eleitoral para composi\u00e7\u00e3o do Core-PA<\/p>\n","protected":false},"author":3,"featured_media":0,"comment_status":"closed","ping_status":"closed","sticky":false,"template":"","format":"standard","meta":[],"categories":[43],"tags":[],"_links":{"self":[{"href":"https:\/\/www.confere.org.br\/wordpress\/wp-json\/wp\/v2\/posts\/8646"}],"collection":[{"href":"https:\/\/www.confere.org.br\/wordpress\/wp-json\/wp\/v2\/posts"}],"about":[{"href":"https:\/\/www.confere.org.br\/wordpress\/wp-json\/wp\/v2\/types\/post"}],"author":[{"embeddable":true,"href":"https:\/\/www.confere.org.br\/wordpress\/wp-json\/wp\/v2\/users\/3"}],"replies":[{"embeddable":true,"href":"https:\/\/www.confere.org.br\/wordpress\/wp-json\/wp\/v2\/comments?post=8646"}],"version-history":[{"count":5,"href":"https:\/\/www.confere.org.br\/wordpress\/wp-json\/wp\/v2\/posts\/8646\/revisions"}],"predecessor-version":[{"id":8882,"href":"https:\/\/www.confere.org.br\/wordpress\/wp-json\/wp\/v2\/posts\/8646\/revisions\/8882"}],"wp:attachment":[{"href":"https:\/\/www.confere.org.br\/wordpress\/wp-json\/wp\/v2\/media?parent=8646"}],"wp:term":[{"taxonomy":"category","embeddable":true,"href":"https:\/\/www.confere.org.br\/wordpress\/wp-json\/wp\/v2\/categories?post=8646"},{"taxonomy":"post_tag","embeddable":true,"href":"https:\/\/www.confere.org.br\/wordpress\/wp-json\/wp\/v2\/tags?post=8646"}],"curies":[{"name":"wp","href":"https:\/\/api.w.org\/{rel}","templated":true}]}}