{"id":8664,"date":"2022-09-13T10:27:16","date_gmt":"2022-09-13T13:27:16","guid":{"rendered":"https:\/\/www.confere.org.br\/wordpress\/?p=8664"},"modified":"2022-09-13T10:27:17","modified_gmt":"2022-09-13T13:27:17","slug":"mercado-financeiro-reduz-projecao-da-inflacao-de-661-para-64","status":"publish","type":"post","link":"https:\/\/www.confere.org.br\/wordpress\/mercado-financeiro-reduz-projecao-da-inflacao-de-661-para-64\/","title":{"rendered":"Mercado financeiro reduz proje\u00e7\u00e3o da infla\u00e7\u00e3o de 6,61% para 6,4%"},"content":{"rendered":"\n<p>Para 2023, a estimativa de infla\u00e7\u00e3o ficou em 5,17%. Para 2024 e 2025, as previs\u00f5es s\u00e3o de infla\u00e7\u00e3o em 3,47% e 3%, respectivamente.<\/p>\n\n\n\n<p>A previs\u00e3o para 2022 est\u00e1 acima da meta de infla\u00e7\u00e3o que deve ser perseguida pelo BC. A meta, definida pelo Conselho Monet\u00e1rio Nacional, \u00e9 de 3,5% para este ano, com intervalo de toler\u00e2ncia de 1,5 ponto percentual para cima ou para baixo. Ou seja, o limite inferior \u00e9 2,25% e o superior 5,25%.<\/p>\n\n\n\n<p>Em agosto, a infla\u00e7\u00e3o teve novo recuo, de 0,36%, ap\u00f3s queda de 0,68% em julho. Com o resultado, o IPCA acumula alta de 4,39% no ano e 8,73% em 12 meses, segundo o Instituto Brasileiro de Geografia e Estat\u00edstica.<\/p>\n\n\n\n<p><strong>Taxa de juros<\/strong><\/p>\n\n\n\n<p>Para alcan\u00e7ar a meta de infla\u00e7\u00e3o, o Banco Central usa como principal instrumento a taxa b\u00e1sica de juros, a Selic, definida em 13,75% ao ano pelo Comit\u00ea de Pol\u00edtica Monet\u00e1ria (Copom). A taxa est\u00e1 no maior n\u00edvel desde janeiro de 2017, quando tamb\u00e9m estava em 13,75% ao ano.<\/p>\n\n\n\n<p>Para o mercado financeiro, a expectativa \u00e9 de que a Selic encerre o ano nesse patamar. Para o fim de 2023, a estimativa \u00e9 de que a taxa b\u00e1sica caia para 11,25% ao ano. J\u00e1 para 2024 e 2025, a previs\u00e3o \u00e9 de Selic em 8% ao ano e 7,5% ao ano, respectivamente.<\/p>\n\n\n\n<p>Quando o Copom aumenta a taxa b\u00e1sica de juros, a finalidade \u00e9 conter a demanda aquecida, e isso causa reflexos nos pre\u00e7os porque os juros mais altos encarecem o cr\u00e9dito e estimulam a poupan\u00e7a. Desse modo, taxas mais altas tamb\u00e9m podem dificultar a expans\u00e3o da economia. Al\u00e9m da taxa Selic, os bancos consideram outros fatores na hora de definir os juros cobrados dos consumidores, como risco de inadimpl\u00eancia, lucro e despesas administrativas.<\/p>\n\n\n\n<p>Quando o Copom reduz a Selic, a tend\u00eancia \u00e9 de que o cr\u00e9dito fique mais barato, com incentivo \u00e0 produ\u00e7\u00e3o e ao consumo, reduzindo o controle da infla\u00e7\u00e3o e estimulando a atividade econ\u00f4mica.<\/p>\n\n\n\n<p><strong>PIB e c\u00e2mbio<\/strong><\/p>\n\n\n\n<p>As institui\u00e7\u00f5es financeiras consultadas pelo BC elevaram a proje\u00e7\u00e3o para o crescimento da economia brasileira neste ano de 2,26% para 2,39%. Para 2023, a expectativa para o Produto Interno Bruto (PIB) \u2013 a soma de todos os bens e servi\u00e7os produzidos no pa\u00eds \u2013 \u00e9 de crescimento de 0,5%. Em 2024 e 2025, o mercado financeiro projeta expans\u00e3o do PIB em 1,8% e 2%, respectivamente.<\/p>\n\n\n\n<p>A expectativa para a cota\u00e7\u00e3o do d\u00f3lar manteve-se em R$ 5,20 para o final deste ano. Para o fim de 2023, a previs\u00e3o \u00e9 de que a moeda americana tamb\u00e9m fique nesse mesmo patamar.<\/p>\n\n\n\n<p>Fonte: Ag\u00eancia Brasil<\/p>\n","protected":false},"excerpt":{"rendered":"<p>A previs\u00e3o do mercado financeiro para o \u00cdndice Nacional de Pre\u00e7os ao Consumidor Amplo (IPCA), considerada a infla\u00e7\u00e3o oficial do pa\u00eds, caiu de 6,61% para 6,4% neste ano. \u00c9 a 13\u00aa redu\u00e7\u00e3o consecutiva da proje\u00e7\u00e3o. A estimativa est\u00e1 no Boletim Focus, pesquisa divulgada semanalmente pelo Banco Central (BC), com a expectativa de institui\u00e7\u00f5es para os principais indicadores econ\u00f4micos.<\/p>\n","protected":false},"author":3,"featured_media":1970,"comment_status":"closed","ping_status":"closed","sticky":false,"template":"","format":"standard","meta":[],"categories":[2],"tags":[],"_links":{"self":[{"href":"https:\/\/www.confere.org.br\/wordpress\/wp-json\/wp\/v2\/posts\/8664"}],"collection":[{"href":"https:\/\/www.confere.org.br\/wordpress\/wp-json\/wp\/v2\/posts"}],"about":[{"href":"https:\/\/www.confere.org.br\/wordpress\/wp-json\/wp\/v2\/types\/post"}],"author":[{"embeddable":true,"href":"https:\/\/www.confere.org.br\/wordpress\/wp-json\/wp\/v2\/users\/3"}],"replies":[{"embeddable":true,"href":"https:\/\/www.confere.org.br\/wordpress\/wp-json\/wp\/v2\/comments?post=8664"}],"version-history":[{"count":1,"href":"https:\/\/www.confere.org.br\/wordpress\/wp-json\/wp\/v2\/posts\/8664\/revisions"}],"predecessor-version":[{"id":8665,"href":"https:\/\/www.confere.org.br\/wordpress\/wp-json\/wp\/v2\/posts\/8664\/revisions\/8665"}],"wp:featuredmedia":[{"embeddable":true,"href":"https:\/\/www.confere.org.br\/wordpress\/wp-json\/wp\/v2\/media\/1970"}],"wp:attachment":[{"href":"https:\/\/www.confere.org.br\/wordpress\/wp-json\/wp\/v2\/media?parent=8664"}],"wp:term":[{"taxonomy":"category","embeddable":true,"href":"https:\/\/www.confere.org.br\/wordpress\/wp-json\/wp\/v2\/categories?post=8664"},{"taxonomy":"post_tag","embeddable":true,"href":"https:\/\/www.confere.org.br\/wordpress\/wp-json\/wp\/v2\/tags?post=8664"}],"curies":[{"name":"wp","href":"https:\/\/api.w.org\/{rel}","templated":true}]}}