{"id":8670,"date":"2022-09-13T12:47:58","date_gmt":"2022-09-13T15:47:58","guid":{"rendered":"https:\/\/www.confere.org.br\/wordpress\/?p=8670"},"modified":"2022-11-18T10:11:57","modified_gmt":"2022-11-18T13:11:57","slug":"2022-resolucao-no-2-037-2022","status":"publish","type":"post","link":"https:\/\/www.confere.org.br\/wordpress\/2022-resolucao-no-2-037-2022\/","title":{"rendered":"2022 &#8211; Resolu\u00e7\u00e3o n\u00ba 2.037\/2022"},"content":{"rendered":"\n<p>Disp\u00f5e sobre a interven\u00e7\u00e3o do Confere no Core-RJ.<\/p>\n\n\n\n<p><a href=\"https:\/\/www.confere.org.br\/wordpress\/wp-content\/uploads\/2022\/09\/Resolucao-2037___.pdf\">https:\/\/www.confere.org.br\/wordpress\/wp-content\/uploads\/2022\/09\/Resolucao-2037___.pdf<\/a><\/p>\n","protected":false},"excerpt":{"rendered":"<p>2.037, Resolu\u00e7\u00e3o, https:\/\/www.confere.org.br\/wordpress\/wp-content\/uploads\/2022\/09\/Resolucao-2037___.pdf<\/p>\n","protected":false},"author":3,"featured_media":0,"comment_status":"closed","ping_status":"closed","sticky":false,"template":"","format":"standard","meta":[],"categories":[18,52],"tags":[],"_links":{"self":[{"href":"https:\/\/www.confere.org.br\/wordpress\/wp-json\/wp\/v2\/posts\/8670"}],"collection":[{"href":"https:\/\/www.confere.org.br\/wordpress\/wp-json\/wp\/v2\/posts"}],"about":[{"href":"https:\/\/www.confere.org.br\/wordpress\/wp-json\/wp\/v2\/types\/post"}],"author":[{"embeddable":true,"href":"https:\/\/www.confere.org.br\/wordpress\/wp-json\/wp\/v2\/users\/3"}],"replies":[{"embeddable":true,"href":"https:\/\/www.confere.org.br\/wordpress\/wp-json\/wp\/v2\/comments?post=8670"}],"version-history":[{"count":2,"href":"https:\/\/www.confere.org.br\/wordpress\/wp-json\/wp\/v2\/posts\/8670\/revisions"}],"predecessor-version":[{"id":8688,"href":"https:\/\/www.confere.org.br\/wordpress\/wp-json\/wp\/v2\/posts\/8670\/revisions\/8688"}],"wp:attachment":[{"href":"https:\/\/www.confere.org.br\/wordpress\/wp-json\/wp\/v2\/media?parent=8670"}],"wp:term":[{"taxonomy":"category","embeddable":true,"href":"https:\/\/www.confere.org.br\/wordpress\/wp-json\/wp\/v2\/categories?post=8670"},{"taxonomy":"post_tag","embeddable":true,"href":"https:\/\/www.confere.org.br\/wordpress\/wp-json\/wp\/v2\/tags?post=8670"}],"curies":[{"name":"wp","href":"https:\/\/api.w.org\/{rel}","templated":true}]}}