{"id":8674,"date":"2022-09-14T08:43:51","date_gmt":"2022-09-14T11:43:51","guid":{"rendered":"https:\/\/www.confere.org.br\/wordpress\/?p=8674"},"modified":"2022-11-18T10:10:45","modified_gmt":"2022-11-18T13:10:45","slug":"2022-resolucao-no-2-035-2022","status":"publish","type":"post","link":"https:\/\/www.confere.org.br\/wordpress\/2022-resolucao-no-2-035-2022\/","title":{"rendered":"2022 &#8211; Resolu\u00e7\u00e3o n\u00ba 2.035\/2022"},"content":{"rendered":"\n<p>Disp\u00f5e sobre o processo eleitoral pelo voto direto para composi\u00e7\u00e3o do Conselho Regional dos Representantes Comerciais no Estado do Par\u00e1 &#8211; Core-PA, no tri\u00eanio 2022\/2025.<\/p>\n\n\n\n<p><a href=\"https:\/\/www.confere.org.br\/wordpress\/wp-content\/uploads\/2022\/09\/RESOLUCAO_2035_2022.pdf\" target=\"_blank\" rel=\"noreferrer noopener\">https:\/\/www.confere.org.br\/wordpress\/wp-content\/uploads\/2022\/09\/RESOLUCAO_2035_2022.pdf<\/a><\/p>\n","protected":false},"excerpt":{"rendered":"<p>2.035, Resolu\u00e7\u00e3o, https:\/\/www.confere.org.br\/wordpress\/wp-content\/uploads\/2022\/09\/RESOLUCAO_2035_2022.pdf<\/p>\n","protected":false},"author":3,"featured_media":0,"comment_status":"closed","ping_status":"closed","sticky":false,"template":"","format":"standard","meta":[],"categories":[18,52],"tags":[],"_links":{"self":[{"href":"https:\/\/www.confere.org.br\/wordpress\/wp-json\/wp\/v2\/posts\/8674"}],"collection":[{"href":"https:\/\/www.confere.org.br\/wordpress\/wp-json\/wp\/v2\/posts"}],"about":[{"href":"https:\/\/www.confere.org.br\/wordpress\/wp-json\/wp\/v2\/types\/post"}],"author":[{"embeddable":true,"href":"https:\/\/www.confere.org.br\/wordpress\/wp-json\/wp\/v2\/users\/3"}],"replies":[{"embeddable":true,"href":"https:\/\/www.confere.org.br\/wordpress\/wp-json\/wp\/v2\/comments?post=8674"}],"version-history":[{"count":1,"href":"https:\/\/www.confere.org.br\/wordpress\/wp-json\/wp\/v2\/posts\/8674\/revisions"}],"predecessor-version":[{"id":8675,"href":"https:\/\/www.confere.org.br\/wordpress\/wp-json\/wp\/v2\/posts\/8674\/revisions\/8675"}],"wp:attachment":[{"href":"https:\/\/www.confere.org.br\/wordpress\/wp-json\/wp\/v2\/media?parent=8674"}],"wp:term":[{"taxonomy":"category","embeddable":true,"href":"https:\/\/www.confere.org.br\/wordpress\/wp-json\/wp\/v2\/categories?post=8674"},{"taxonomy":"post_tag","embeddable":true,"href":"https:\/\/www.confere.org.br\/wordpress\/wp-json\/wp\/v2\/tags?post=8674"}],"curies":[{"name":"wp","href":"https:\/\/api.w.org\/{rel}","templated":true}]}}