{"id":8716,"date":"2022-09-16T12:49:47","date_gmt":"2022-09-16T15:49:47","guid":{"rendered":"https:\/\/www.confere.org.br\/wordpress\/?p=8716"},"modified":"2022-09-16T12:49:48","modified_gmt":"2022-09-16T15:49:48","slug":"core-pr-promove-campanha-de-conscientizacao-na-semana-nacional-do-transito","status":"publish","type":"post","link":"https:\/\/www.confere.org.br\/wordpress\/core-pr-promove-campanha-de-conscientizacao-na-semana-nacional-do-transito\/","title":{"rendered":"Core-PR promove campanha de conscientiza\u00e7\u00e3o na Semana Nacional do Tr\u00e2nsito"},"content":{"rendered":"\n<p>Mesmo com uma redu\u00e7\u00e3o de 30% no n\u00famero de mortes causadas por acidentes de tr\u00e2nsito ao longo de dez anos (2011-2021), o Brasil ainda registra uma grande quantidade de \u00f3bitos decorrentes desse tipo de acidente. Em 2021, foram em torno de 30 mil, o que significa cerca de 80 mortes por dia.<\/p>\n\n\n\n<p>\u00c9 por isso que a\u00e7\u00f5es de conscientiza\u00e7\u00e3o sobre responsabilidade no tr\u00e2nsito continuam sendo essenciais a fim de reduzir o n\u00famero de acidentes. Pensando nisso e na exposi\u00e7\u00e3o dos representantes comerciais aos riscos do tr\u00e2nsito, o Conselho Regional dos Representantes Comerciais do Paran\u00e1 (Core-PR) ir\u00e1 participar da Semana Nacional do Tr\u00e2nsito, campanha realizada anualmente entre 18 e 25 de setembro por diversos \u00f3rg\u00e3os em todo o pa\u00eds. Em 2022, ela tamb\u00e9m marca o in\u00edcio das comemora\u00e7\u00f5es de 25 anos do C\u00f3digo Brasileiro de Tr\u00e2nsito.<\/p>\n\n\n\n<p>\u201cN\u00f3s, do Core-PR, estamos ao lado dos representantes comerciais em todos os momentos, inclusive trabalhando para a conscientizar sobre os cuidados e aten\u00e7\u00e3o no tr\u00e2nsito. Dirigir de forma respons\u00e1vel e defensiva \u00e9 zelar pelo nosso pr\u00f3prio bem-estar e pelo daqueles que dividem as ruas e estradas conosco. \u00c9 tamb\u00e9m uma forma de manter nossos familiares e amigos diariamente mais tranquilos\u201d, afirma o presidente do Core-PR, Paulo Nauiack.<\/p>\n\n\n\n<p><strong>Juntos salvamos vidas<\/strong><\/p>\n\n\n\n<p>Com o tema \u201cJuntos Salvamos Vidas\u201d, as a\u00e7\u00f5es do Core-PR envolvem a divulga\u00e7\u00e3o, nas redes sociais do Conselho, de informa\u00e7\u00f5es sobre que atitudes representam responsabilidade no tr\u00e2nsito. Entre elas est\u00e1 uma s\u00e9rie de v\u00eddeos, a partir do dia 18, que apresentam justamente alguns comportamentos que ainda s\u00e3o muito comuns, mas que representam alto risco para motoristas, passageiros e pedestres.<\/p>\n\n\n\n<p>O primeiro v\u00eddeo, por exemplo, trata do uso do celular enquanto dirige, principal distra\u00e7\u00e3o dos motoristas brasileiros, de acordo com pesquisa da Associa\u00e7\u00e3o Brasileira de Medicina de Tr\u00e1fego (Abramet). Conforme a institui\u00e7\u00e3o, a chance de um acidente aumenta em at\u00e9 23 vezes se o motorista estiver digitando uma mensagem enquanto dirige, devido \u00e0 falta de aten\u00e7\u00e3o ao que est\u00e1 acontecendo na pista.<\/p>\n\n\n\n<p>O segundo fala sobre a ado\u00e7\u00e3o desnecess\u00e1ria de uma dire\u00e7\u00e3o mais ofensiva, com acelera\u00e7\u00f5es e frenagens bruscas ou o desvio intenso e irrespons\u00e1vel de outros ve\u00edculos. Por fim, o terceiro v\u00eddeo da s\u00e9rie aborda a quest\u00e3o da alta velocidade, principal causa de mortes no tr\u00e2nsito. Todos eles explicam os riscos decorrentes de cada comportamento, al\u00e9m de outras desvantagens que eles podem trazer.<\/p>\n\n\n\n<p>\u201cO objetivo \u00e9 fazer com que os motoristas que assistirem aos v\u00eddeos, principalmente os representantes comerciais que acompanham nossas redes, reflitam sobre suas atitudes no tr\u00e2nsito e sobre como pequenas mudan\u00e7as podem fazer toda a diferen\u00e7a para a seguran\u00e7a de todos\u201d, diz Nauiack.<\/p>\n\n\n\n<p>Fonte: <a href=\"https:\/\/www.corepr.org.br\/\" target=\"_blank\" rel=\"noreferrer noopener\">Core-PR<\/a><\/p>\n","protected":false},"excerpt":{"rendered":"<p>Conselho vai divulgar informa\u00e7\u00f5es sobre responsabilidade no tr\u00e2nsito em suas redes sociais<\/p>\n","protected":false},"author":3,"featured_media":8717,"comment_status":"closed","ping_status":"closed","sticky":false,"template":"","format":"standard","meta":[],"categories":[34,49,17],"tags":[],"_links":{"self":[{"href":"https:\/\/www.confere.org.br\/wordpress\/wp-json\/wp\/v2\/posts\/8716"}],"collection":[{"href":"https:\/\/www.confere.org.br\/wordpress\/wp-json\/wp\/v2\/posts"}],"about":[{"href":"https:\/\/www.confere.org.br\/wordpress\/wp-json\/wp\/v2\/types\/post"}],"author":[{"embeddable":true,"href":"https:\/\/www.confere.org.br\/wordpress\/wp-json\/wp\/v2\/users\/3"}],"replies":[{"embeddable":true,"href":"https:\/\/www.confere.org.br\/wordpress\/wp-json\/wp\/v2\/comments?post=8716"}],"version-history":[{"count":1,"href":"https:\/\/www.confere.org.br\/wordpress\/wp-json\/wp\/v2\/posts\/8716\/revisions"}],"predecessor-version":[{"id":8718,"href":"https:\/\/www.confere.org.br\/wordpress\/wp-json\/wp\/v2\/posts\/8716\/revisions\/8718"}],"wp:featuredmedia":[{"embeddable":true,"href":"https:\/\/www.confere.org.br\/wordpress\/wp-json\/wp\/v2\/media\/8717"}],"wp:attachment":[{"href":"https:\/\/www.confere.org.br\/wordpress\/wp-json\/wp\/v2\/media?parent=8716"}],"wp:term":[{"taxonomy":"category","embeddable":true,"href":"https:\/\/www.confere.org.br\/wordpress\/wp-json\/wp\/v2\/categories?post=8716"},{"taxonomy":"post_tag","embeddable":true,"href":"https:\/\/www.confere.org.br\/wordpress\/wp-json\/wp\/v2\/tags?post=8716"}],"curies":[{"name":"wp","href":"https:\/\/api.w.org\/{rel}","templated":true}]}}