{"id":8722,"date":"2022-09-20T11:06:19","date_gmt":"2022-09-20T14:06:19","guid":{"rendered":"https:\/\/www.confere.org.br\/wordpress\/?p=8722"},"modified":"2023-03-28T10:33:11","modified_gmt":"2023-03-28T13:33:11","slug":"eleicao-core-ma-trienio-2023-2025","status":"publish","type":"post","link":"https:\/\/www.confere.org.br\/wordpress\/eleicao-core-ma-trienio-2023-2025\/","title":{"rendered":"ELEI\u00c7\u00c3O CORE-MA &#8211; TRI\u00caNIO 2023\/2025"},"content":{"rendered":"\n<p><a rel=\"noreferrer noopener\" href=\"https:\/\/www.confere.org.br\/wordpress\/wp-content\/uploads\/2022\/09\/Resolucao-2.039-2022-1.pdf\" target=\"_blank\">1. Res<\/a><a href=\"https:\/\/www.confere.org.br\/wordpress\/wp-content\/uploads\/2022\/09\/RESOLUCAO_2039_2022.pdf\" target=\"_blank\" rel=\"noreferrer noopener\">olu\u00e7\u00e3o n\u00ba 2.039\/2022<\/a><\/p>\n\n\n\n<p><a href=\"https:\/\/www.confere.org.br\/wordpress\/wp-content\/uploads\/2022\/09\/Publicacao-DOU-Resolucao-2.039.pdf\" target=\"_blank\" rel=\"noreferrer noopener\">&#8211; Publicada no DOU, no dia 21\/09\/2022<\/a><\/p>\n\n\n\n<p><br>2. Edital de Convoca\u00e7\u00e3o<\/p>\n\n\n\n<p>&#8211; <a rel=\"noreferrer noopener\" href=\"https:\/\/www.confere.org.br\/wordpress\/wp-content\/uploads\/2022\/09\/Edital-de-Convocacao-O-IMPARCIAL-20-09-2022.pdf\" target=\"_blank\">Publicado no Jornal &#8220;O Imparcial&#8221;, no dia 20\/09\/2022 <\/a><\/p>\n\n\n\n<p><a rel=\"noreferrer noopener\" href=\"https:\/\/www.confere.org.br\/wordpress\/wp-content\/uploads\/2022\/09\/Edital-de-Convocacao-Publicacao-DOU.pdf\" target=\"_blank\">&#8211; Publicado no DOU, no dia 20\/09\/2022<\/a><\/p>\n\n\n\n<p><br><a href=\"https:\/\/www.confere.org.br\/wordpress\/wp-content\/uploads\/2022\/10\/Regulamento-Eleitoral-Core-MA_ok.pdf\" target=\"_blank\" rel=\"noreferrer noopener\">3. Regulamento Eleitoral<\/a><\/p>\n\n\n\n<p><br><a rel=\"noreferrer noopener\" href=\"https:\/\/www.confere.org.br\/wordpress\/wp-content\/uploads\/2022\/09\/REQUERIMENTO-REGISTRO-DE-CHAPA-CORE-MA.pdf\" target=\"_blank\">4. Requerimento de Registro de Chapa<\/a><\/p>\n\n\n\n<p><br><a rel=\"noreferrer noopener\" href=\"https:\/\/www.confere.org.br\/wordpress\/wp-content\/uploads\/2022\/09\/FICHA-DE-QUALIFICACAO-CORE-MA.pdf\" target=\"_blank\">5. Ficha de Qualifica\u00e7\u00e3o<\/a><\/p>\n\n\n\n<p><br><a rel=\"noreferrer noopener\" href=\"https:\/\/www.confere.org.br\/wordpress\/wp-content\/uploads\/2022\/09\/DECLARACAO-DE-AQUIESCENCIA.pdf\" target=\"_blank\">6. Declara\u00e7\u00e3o de Aquiesc\u00eancia<\/a><\/p>\n\n\n\n<p><br>7. Aviso de Registro de Chapa<\/p>\n\n\n\n<p><a href=\"https:\/\/www.confere.org.br\/wordpress\/wp-content\/uploads\/2022\/10\/Publicacao-DOU-Aviso-de-Registro-de-Chapa.pdf\" target=\"_blank\" rel=\"noreferrer noopener\">&#8211; Publicado no DOU, no dia 11\/10\/2022<\/a><\/p>\n\n\n\n<p><a href=\"https:\/\/www.confere.org.br\/wordpress\/wp-content\/uploads\/2022\/10\/Publicacao-Jornal-o-Imparcial-Aviso-de-Registro-de-Chapa.pdf\" target=\"_blank\" rel=\"noreferrer noopener\">&#8211; Publicado no Jornal O Imparcial, no dia 11\/10\/2022<\/a><\/p>\n","protected":false},"excerpt":{"rendered":"<p>Processo Eleitoral para composi\u00e7\u00e3o do Core-MA<\/p>\n","protected":false},"author":3,"featured_media":0,"comment_status":"closed","ping_status":"closed","sticky":false,"template":"","format":"standard","meta":[],"categories":[43,15],"tags":[],"_links":{"self":[{"href":"https:\/\/www.confere.org.br\/wordpress\/wp-json\/wp\/v2\/posts\/8722"}],"collection":[{"href":"https:\/\/www.confere.org.br\/wordpress\/wp-json\/wp\/v2\/posts"}],"about":[{"href":"https:\/\/www.confere.org.br\/wordpress\/wp-json\/wp\/v2\/types\/post"}],"author":[{"embeddable":true,"href":"https:\/\/www.confere.org.br\/wordpress\/wp-json\/wp\/v2\/users\/3"}],"replies":[{"embeddable":true,"href":"https:\/\/www.confere.org.br\/wordpress\/wp-json\/wp\/v2\/comments?post=8722"}],"version-history":[{"count":12,"href":"https:\/\/www.confere.org.br\/wordpress\/wp-json\/wp\/v2\/posts\/8722\/revisions"}],"predecessor-version":[{"id":9084,"href":"https:\/\/www.confere.org.br\/wordpress\/wp-json\/wp\/v2\/posts\/8722\/revisions\/9084"}],"wp:attachment":[{"href":"https:\/\/www.confere.org.br\/wordpress\/wp-json\/wp\/v2\/media?parent=8722"}],"wp:term":[{"taxonomy":"category","embeddable":true,"href":"https:\/\/www.confere.org.br\/wordpress\/wp-json\/wp\/v2\/categories?post=8722"},{"taxonomy":"post_tag","embeddable":true,"href":"https:\/\/www.confere.org.br\/wordpress\/wp-json\/wp\/v2\/tags?post=8722"}],"curies":[{"name":"wp","href":"https:\/\/api.w.org\/{rel}","templated":true}]}}