{"id":8741,"date":"2022-09-20T14:03:21","date_gmt":"2022-09-20T17:03:21","guid":{"rendered":"https:\/\/www.confere.org.br\/wordpress\/?p=8741"},"modified":"2022-09-20T14:03:23","modified_gmt":"2022-09-20T17:03:23","slug":"prazo-para-pedir-2a-via-do-titulo-de-eleitor-termina-na-quinta-feira","status":"publish","type":"post","link":"https:\/\/www.confere.org.br\/wordpress\/prazo-para-pedir-2a-via-do-titulo-de-eleitor-termina-na-quinta-feira\/","title":{"rendered":"Prazo para pedir 2\u00aa via do t\u00edtulo de eleitor termina na quinta-feira"},"content":{"rendered":"\n<p>O eleitor que perdeu o t\u00edtulo eleitoral ou teve o documento extraviado tem at\u00e9 esta quinta-feira (22), 10 dias antes do primeiro turno do pleito, para solicitar a segunda via no cart\u00f3rio eleitoral da zona onde tem cadastro.<img src=\"https:\/\/agenciabrasil.ebc.com.br\/ebc.png?id=1483334&amp;o=node\"><img src=\"https:\/\/agenciabrasil.ebc.com.br\/ebc.gif?id=1483334&amp;o=node\"><\/p>\n\n\n\n<p>De acordo com o Tribunal Superior Eleitoral (TSE), para a emiss\u00e3o da segunda via do t\u00edtulo o eleitor deve estar quite com a Justi\u00e7a Eleitoral, ou seja, n\u00e3o poder\u00e1 ter d\u00e9bitos pendentes, como multas por aus\u00eancia \u00e0s urnas ou aos trabalhos eleitorais \u2013 como o de mes\u00e1rio \u2013, ou ainda multas em raz\u00e3o de viola\u00e7\u00e3o de dispositivos do C\u00f3digo Eleitoral.<\/p>\n\n\n\n<p>Neste ano, o eleitor com situa\u00e7\u00e3o regular na Justi\u00e7a Eleitoral poder\u00e1 imprimir o t\u00edtulo diretamente na ferramenta&nbsp;<a href=\"https:\/\/www.tse.jus.br\/eleitor\/autoatendimento-do-eleitor\" target=\"_blank\" rel=\"noreferrer noopener\">Autoatendimento do Eleitor<\/a>, no Portal do TSE na internet, no campo \u201cImprimir o t\u00edtulo eleitoral\u201d.<\/p>\n\n\n\n<h2>Documentos<\/h2>\n\n\n\n<p>O t\u00edtulo eleitoral n\u00e3o \u00e9 o \u00fanico documento que d\u00e1 direito \u00e0 participa\u00e7\u00e3o nas elei\u00e7\u00f5es. As pessoas aptas a votar podem se apresentar \u00e0 mesa de vota\u00e7\u00e3o com qualquer documento oficial com foto, como a carteira de identidade, a carteira de trabalho, a carteira de motorista ou o passaporte, por exemplo.<\/p>\n\n\n\n<p>H\u00e1 ainda a op\u00e7\u00e3o de levar a vers\u00e3o digital do t\u00edtulo eleitoral, o&nbsp;<a href=\"https:\/\/www.tse.jus.br\/eleitor\/servicos\/aplicativo-e-titulo\" target=\"_blank\" rel=\"noreferrer noopener\">e-T\u00edtulo<\/a>, que pode ser obtido gratuitamente por meio de aplicativo para dispositivos m\u00f3veis nas lojas virtuais Apple Store e Google Play.<\/p>\n\n\n\n<p>O e-T\u00edtulo tamb\u00e9m possibilita a apresenta\u00e7\u00e3o de justificativa eleitoral e oferece uma s\u00e9rie de servi\u00e7os e informa\u00e7\u00f5es, como a emiss\u00e3o das certid\u00f5es de quita\u00e7\u00e3o eleitoral e de crimes eleitorais; o acesso e a emiss\u00e3o de guia para o pagamento de multas; a consulta ao local de vota\u00e7\u00e3o; e a inscri\u00e7\u00e3o como mes\u00e1rio volunt\u00e1rio, entre outros.<\/p>\n\n\n\n<p>Fonte: <a href=\"https:\/\/agenciabrasil.ebc.com.br\/politica\/noticia\/2022-09\/prazo-para-pedir-2a-do-titulo-de-eleitor-termina-na-quinta-feira\">Ag\u00eancia Brasil<\/a><\/p>\n","protected":false},"excerpt":{"rendered":"<p>Pedido deve ser feito no cart\u00f3rio eleitoral da zona onde tem cadastro<\/p>\n","protected":false},"author":3,"featured_media":8742,"comment_status":"closed","ping_status":"closed","sticky":false,"template":"","format":"standard","meta":[],"categories":[2],"tags":[],"_links":{"self":[{"href":"https:\/\/www.confere.org.br\/wordpress\/wp-json\/wp\/v2\/posts\/8741"}],"collection":[{"href":"https:\/\/www.confere.org.br\/wordpress\/wp-json\/wp\/v2\/posts"}],"about":[{"href":"https:\/\/www.confere.org.br\/wordpress\/wp-json\/wp\/v2\/types\/post"}],"author":[{"embeddable":true,"href":"https:\/\/www.confere.org.br\/wordpress\/wp-json\/wp\/v2\/users\/3"}],"replies":[{"embeddable":true,"href":"https:\/\/www.confere.org.br\/wordpress\/wp-json\/wp\/v2\/comments?post=8741"}],"version-history":[{"count":1,"href":"https:\/\/www.confere.org.br\/wordpress\/wp-json\/wp\/v2\/posts\/8741\/revisions"}],"predecessor-version":[{"id":8743,"href":"https:\/\/www.confere.org.br\/wordpress\/wp-json\/wp\/v2\/posts\/8741\/revisions\/8743"}],"wp:featuredmedia":[{"embeddable":true,"href":"https:\/\/www.confere.org.br\/wordpress\/wp-json\/wp\/v2\/media\/8742"}],"wp:attachment":[{"href":"https:\/\/www.confere.org.br\/wordpress\/wp-json\/wp\/v2\/media?parent=8741"}],"wp:term":[{"taxonomy":"category","embeddable":true,"href":"https:\/\/www.confere.org.br\/wordpress\/wp-json\/wp\/v2\/categories?post=8741"},{"taxonomy":"post_tag","embeddable":true,"href":"https:\/\/www.confere.org.br\/wordpress\/wp-json\/wp\/v2\/tags?post=8741"}],"curies":[{"name":"wp","href":"https:\/\/api.w.org\/{rel}","templated":true}]}}