{"id":8749,"date":"2022-09-20T16:16:18","date_gmt":"2022-09-20T19:16:18","guid":{"rendered":"https:\/\/www.confere.org.br\/wordpress\/?p=8749"},"modified":"2022-09-20T16:18:48","modified_gmt":"2022-09-20T19:18:48","slug":"core-ce-abre-votacao-para-escolha-de-homenageados-em-2022","status":"publish","type":"post","link":"https:\/\/www.confere.org.br\/wordpress\/core-ce-abre-votacao-para-escolha-de-homenageados-em-2022\/","title":{"rendered":"Core-CE abre vota\u00e7\u00e3o para escolha de homenageados em 2022"},"content":{"rendered":"\n<p>O Core-CE abriu vota\u00e7\u00e3o, em seu <a rel=\"noreferrer noopener\" href=\"http:\/\/www.corece.org.br\" target=\"_blank\">site<\/a>, para escolha dos representantes comerciais que ser\u00e3o homenageados com as honrarias concedidas pela Entidade. A expectativa \u00e9 que a entrega aos homenageados ocorra em dezembro, por ocasi\u00e3o das comemora\u00e7\u00f5es dos 57 anos de regulamenta\u00e7\u00e3o da profiss\u00e3o do Representante Comercial no Brasil.<\/p>\n\n\n\n<blockquote class=\"wp-block-quote\"><p>\u201cEm uma iniciativa in\u00e9dita, resolvemos democratizar a escolha dos homenageados e disponibilizaremos o link de vota\u00e7\u00e3o at\u00e9 o dia 10 de outubro\u201d, explica o presidente da Comiss\u00e3o de Honrarias do Core-CE, Francisco Filgueiras.<\/p><\/blockquote>\n\n\n\n<p>Anualmente, o Conselho concede quatro honrarias aos representantes comerciais. O \u201cDiploma de Honra\u201d \u00e9 entregue aos profissionais que somam pelo menos 10 anos de profiss\u00e3o e que se destacaram no exerc\u00edcio das atividades. A \u201cMedalha de Honra\u201d, al\u00e9m de homenagear representantes comerciais, pode ser entregue a autoridades p\u00fablicas que contribu\u00edram com a categoria. E o \u201cTrof\u00e9u de Honra Jos\u00e9 Leite Martins\u201d \u00e9 direcionado ao que o Conselho nomeia de Representante Padr\u00e3o e \u00e9 vetada sua concess\u00e3o a profissionais que tenham sofrido qualquer san\u00e7\u00e3o disciplinar. Por fim, o \u201cTrof\u00e9u Mascate\u201d busca reconhecer os profissionais que acumulam mais de tr\u00eas d\u00e9cadas de atividade.<\/p>\n\n\n\n<p>Todos os crit\u00e9rios que devem ser obedecidos para a escolha dos homenageados, bem como para a defini\u00e7\u00e3o dos vencedores, est\u00e3o disciplinados em regulamentos e resolu\u00e7\u00f5es do Core-CE e podem ser\u00a0<a href=\"https:\/\/corece.org.br\/novo\/honrarias\/\" target=\"_blank\" rel=\"noreferrer noopener\">acessados aqui<\/a>.<\/p>\n\n\n\n<p>Fonte: <a href=\"https:\/\/corece.org.br\/novo\/reconhecimento-core-ce-abre-votacao-para-escolha-de-homenageados-em-2022\/\" target=\"_blank\" rel=\"noreferrer noopener\">Core-CE<\/a><\/p>\n","protected":false},"excerpt":{"rendered":"<p>Representantes comerciais com destaque no mercado, durante este ano de 2022, e indicados em vota\u00e7\u00e3o aberta, via internet, ser\u00e3o homenageados pelo Regional<\/p>\n","protected":false},"author":3,"featured_media":8750,"comment_status":"closed","ping_status":"closed","sticky":false,"template":"","format":"standard","meta":[],"categories":[34,49,17],"tags":[],"_links":{"self":[{"href":"https:\/\/www.confere.org.br\/wordpress\/wp-json\/wp\/v2\/posts\/8749"}],"collection":[{"href":"https:\/\/www.confere.org.br\/wordpress\/wp-json\/wp\/v2\/posts"}],"about":[{"href":"https:\/\/www.confere.org.br\/wordpress\/wp-json\/wp\/v2\/types\/post"}],"author":[{"embeddable":true,"href":"https:\/\/www.confere.org.br\/wordpress\/wp-json\/wp\/v2\/users\/3"}],"replies":[{"embeddable":true,"href":"https:\/\/www.confere.org.br\/wordpress\/wp-json\/wp\/v2\/comments?post=8749"}],"version-history":[{"count":3,"href":"https:\/\/www.confere.org.br\/wordpress\/wp-json\/wp\/v2\/posts\/8749\/revisions"}],"predecessor-version":[{"id":8753,"href":"https:\/\/www.confere.org.br\/wordpress\/wp-json\/wp\/v2\/posts\/8749\/revisions\/8753"}],"wp:featuredmedia":[{"embeddable":true,"href":"https:\/\/www.confere.org.br\/wordpress\/wp-json\/wp\/v2\/media\/8750"}],"wp:attachment":[{"href":"https:\/\/www.confere.org.br\/wordpress\/wp-json\/wp\/v2\/media?parent=8749"}],"wp:term":[{"taxonomy":"category","embeddable":true,"href":"https:\/\/www.confere.org.br\/wordpress\/wp-json\/wp\/v2\/categories?post=8749"},{"taxonomy":"post_tag","embeddable":true,"href":"https:\/\/www.confere.org.br\/wordpress\/wp-json\/wp\/v2\/tags?post=8749"}],"curies":[{"name":"wp","href":"https:\/\/api.w.org\/{rel}","templated":true}]}}