{"id":8770,"date":"2022-09-22T09:41:06","date_gmt":"2022-09-22T12:41:06","guid":{"rendered":"https:\/\/www.confere.org.br\/wordpress\/?p=8770"},"modified":"2022-10-07T10:55:04","modified_gmt":"2022-10-07T13:55:04","slug":"22-de-setembro","status":"publish","type":"post","link":"https:\/\/www.confere.org.br\/wordpress\/22-de-setembro\/","title":{"rendered":"22 de setembro &#8211; Dia do Contador"},"content":{"rendered":"\n<p>Neste dia&nbsp;<strong>22 de setembro<\/strong>, \u00e9 comemorado o&nbsp;<strong>Dia do Contador<\/strong>.<\/p>\n\n\n\n<p>A contabilidade&nbsp;est\u00e1 presente na vida de todos os brasileiros, sendo&nbsp;um instrumento fundamental para a tomada de decis\u00f5es&nbsp;com maior seguran\u00e7a.<\/p>\n\n\n\n<p>Parab\u00e9ns aos profissionais que enxergam al\u00e9m dos n\u00fameros e contribuem para o sucesso econ\u00f4mico, financeiro e patrimonial de pessoas f\u00edsicas e jur\u00eddicas. <\/p>\n","protected":false},"excerpt":{"rendered":"<p>Parab\u00e9ns!<\/p>\n","protected":false},"author":3,"featured_media":8769,"comment_status":"closed","ping_status":"closed","sticky":false,"template":"","format":"standard","meta":[],"categories":[34,17],"tags":[],"_links":{"self":[{"href":"https:\/\/www.confere.org.br\/wordpress\/wp-json\/wp\/v2\/posts\/8770"}],"collection":[{"href":"https:\/\/www.confere.org.br\/wordpress\/wp-json\/wp\/v2\/posts"}],"about":[{"href":"https:\/\/www.confere.org.br\/wordpress\/wp-json\/wp\/v2\/types\/post"}],"author":[{"embeddable":true,"href":"https:\/\/www.confere.org.br\/wordpress\/wp-json\/wp\/v2\/users\/3"}],"replies":[{"embeddable":true,"href":"https:\/\/www.confere.org.br\/wordpress\/wp-json\/wp\/v2\/comments?post=8770"}],"version-history":[{"count":3,"href":"https:\/\/www.confere.org.br\/wordpress\/wp-json\/wp\/v2\/posts\/8770\/revisions"}],"predecessor-version":[{"id":8774,"href":"https:\/\/www.confere.org.br\/wordpress\/wp-json\/wp\/v2\/posts\/8770\/revisions\/8774"}],"wp:featuredmedia":[{"embeddable":true,"href":"https:\/\/www.confere.org.br\/wordpress\/wp-json\/wp\/v2\/media\/8769"}],"wp:attachment":[{"href":"https:\/\/www.confere.org.br\/wordpress\/wp-json\/wp\/v2\/media?parent=8770"}],"wp:term":[{"taxonomy":"category","embeddable":true,"href":"https:\/\/www.confere.org.br\/wordpress\/wp-json\/wp\/v2\/categories?post=8770"},{"taxonomy":"post_tag","embeddable":true,"href":"https:\/\/www.confere.org.br\/wordpress\/wp-json\/wp\/v2\/tags?post=8770"}],"curies":[{"name":"wp","href":"https:\/\/api.w.org\/{rel}","templated":true}]}}