{"id":8778,"date":"2022-09-22T12:58:20","date_gmt":"2022-09-22T15:58:20","guid":{"rendered":"https:\/\/www.confere.org.br\/wordpress\/?p=8778"},"modified":"2022-09-22T12:58:22","modified_gmt":"2022-09-22T15:58:22","slug":"cadastro-de-bons-motoristas-comeca-a-valer-nesta-quinta-no-pais-condutores-vao-ter-vantagens-se-nao-cometerem-infracoes","status":"publish","type":"post","link":"https:\/\/www.confere.org.br\/wordpress\/cadastro-de-bons-motoristas-comeca-a-valer-nesta-quinta-no-pais-condutores-vao-ter-vantagens-se-nao-cometerem-infracoes\/","title":{"rendered":"Cadastro de bons motoristas come\u00e7a a valer nesta quinta no pa\u00eds; condutores v\u00e3o ter vantagens se n\u00e3o cometerem infra\u00e7\u00f5es"},"content":{"rendered":"\n<p>O&nbsp;<a href=\"https:\/\/g1.globo.com\/df\/distrito-federal\/noticia\/2022\/05\/09\/governo-federal-regulamenta-registro-nacional-positivo-de-condutores.ghtml\">Registro Nacional Positivo de Condutores (RNPC)<\/a>, tamb\u00e9m conhecido como&nbsp;cadastro de bons motoristas, come\u00e7a a valer nesta&nbsp;<strong>quinta-feira (22)<\/strong>&nbsp;em todo o pa\u00eds. Os interessados j\u00e1 podem autorizar a inclus\u00e3o no programa, pelo&nbsp;<a href=\"https:\/\/portalservicos.senatran.serpro.gov.br\/#\/home\" target=\"_blank\" rel=\"noreferrer noopener\">Portal de Servi\u00e7os do Senatran<\/a>&nbsp;ou pelo aplicativo Carteira Digital de Tr\u00e2nsito (CDT), na op\u00e7\u00e3o &#8220;Consulte sua situa\u00e7\u00e3o no cadastro positivo de condutores&#8221;.<\/p>\n\n\n\n<p>Com a iniciativa, as unidades da federa\u00e7\u00e3o podem conceder\u00a0benef\u00edcios fiscais ou tarif\u00e1rios, como descontos em impostos e ped\u00e1gios, para condutores que n\u00e3o tenham cometido infra\u00e7\u00e3o de tr\u00e2nsito nos \u00faltimos 12 meses.<\/p>\n\n\n\n<p>Apesar do in\u00edcio do cadastro nesta quinta,&nbsp;os benef\u00edcios s\u00f3 come\u00e7am a ser concedidos a partir do dia 13 de outubro, quando o RNPC ser\u00e1 ativado. As vantagens oferecidas ser\u00e3o definidas por cada unidade da federa\u00e7\u00e3o.<\/p>\n\n\n\n<p>Ao&nbsp;<a href=\"http:\/\/g1.globo.com\/\"><strong>g1<\/strong><\/a>, o GDF informou que os benef\u00edcios que ser\u00e3o concedidos aos condutores da capital ainda est\u00e3o em estudo pela Secretaria de Economia.<\/p>\n\n\n\n<h2>Regras<\/h2>\n\n\n\n<p>A medida foi regulamentada pelo&nbsp;<a href=\"https:\/\/g1.globo.com\/tudo-sobre\/contran\/\">Conselho Nacional de Tr\u00e2nsito<\/a>&nbsp;(Contran), em julho deste ano.<\/p>\n\n\n\n<p>De acordo com o Minist\u00e9rio da Infraestrutura, o cadastro no RNPC ser\u00e1 volunt\u00e1rio e n\u00e3o autom\u00e1tico. Ou seja, o motorista vai ter de manifestar interesse em ser inclu\u00eddo na lista, por meio do aplicativo da CDT, ou no&nbsp;<a href=\"https:\/\/portalservicos.senatran.serpro.gov.br\/#\/home\" target=\"_blank\" rel=\"noreferrer noopener\">site da Secretaria Nacional de Tr\u00e2nsito (Senatran)<\/a>.<\/p>\n\n\n\n<p>No ano passado, o secret\u00e1rio nacional de tr\u00e2nsito, Frederico Carneiro, disse, em audi\u00eancia p\u00fablica na C\u00e2mara dos Deputados, que as vantagens podem incluir, por exemplo,&nbsp;descontos em tributos, ped\u00e1gios e nos valores de loca\u00e7\u00e3o e seguro de ve\u00edculos, entre outros benef\u00edcios.<\/p>\n\n\n\n<p><strong>O cadastro no registro ser\u00e1 exclu\u00eddo em casos de:<\/strong><\/p>\n\n\n\n<ul><li>Solicita\u00e7\u00e3o por parte do motorista;<\/li><li>Quando houver registro de infra\u00e7\u00e3o de tr\u00e2nsito;<\/li><li>Quando o cadastrado tiver o direito de dirigir suspenso;<\/li><li>Quando a carteira de motorista estiver cassada ou vencida h\u00e1 mais de 30 dias;<\/li><li>Se o cadastrado estiver cumprindo pena privativa de liberdade.<\/li><\/ul>\n\n\n\n<p>O sistema deve ser atualizado mensalmente, at\u00e9 o oitavo dia \u00fatil de cada m\u00eas, pela Secretaria Nacional de Tr\u00e2nsito (Senatran). Para consultar se est\u00e1 na lista, o motorista dever\u00e1 fornecer nome completo e\u00a0<a href=\"https:\/\/g1.globo.com\/tudo-sobre\/cpf\">CPF<\/a>. A consulta ao RNPC ser\u00e1 garantida a todos os cidad\u00e3o, segundo a norma. <\/p>\n\n\n\n<p>Fonte: <a href=\"https:\/\/g1.globo.com\/df\/distrito-federal\/noticia\/2022\/09\/22\/cadastro-de-bons-motoristas-comeca-a-valer-nesta-quinta-no-pais-condutores-vao-ter-vantagens-se-nao-cometerem-infracoes.ghtml\" target=\"_blank\" rel=\"noreferrer noopener\">G1<\/a><\/p>\n","protected":false},"excerpt":{"rendered":"<p>Inscri\u00e7\u00e3o no Registro Nacional Positivo de Condutores (RNPC) j\u00e1 est\u00e1 dispon\u00edvel e permite que DF e estados concedam benef\u00edcios fiscais ou tarif\u00e1rios para quem n\u00e3o recebeu multa de tr\u00e2nsito em 12 meses. Vantagens come\u00e7am a ser oferecidas em 13 de outubro<\/p>\n","protected":false},"author":3,"featured_media":7323,"comment_status":"closed","ping_status":"closed","sticky":false,"template":"","format":"standard","meta":[],"categories":[2],"tags":[],"_links":{"self":[{"href":"https:\/\/www.confere.org.br\/wordpress\/wp-json\/wp\/v2\/posts\/8778"}],"collection":[{"href":"https:\/\/www.confere.org.br\/wordpress\/wp-json\/wp\/v2\/posts"}],"about":[{"href":"https:\/\/www.confere.org.br\/wordpress\/wp-json\/wp\/v2\/types\/post"}],"author":[{"embeddable":true,"href":"https:\/\/www.confere.org.br\/wordpress\/wp-json\/wp\/v2\/users\/3"}],"replies":[{"embeddable":true,"href":"https:\/\/www.confere.org.br\/wordpress\/wp-json\/wp\/v2\/comments?post=8778"}],"version-history":[{"count":1,"href":"https:\/\/www.confere.org.br\/wordpress\/wp-json\/wp\/v2\/posts\/8778\/revisions"}],"predecessor-version":[{"id":8779,"href":"https:\/\/www.confere.org.br\/wordpress\/wp-json\/wp\/v2\/posts\/8778\/revisions\/8779"}],"wp:featuredmedia":[{"embeddable":true,"href":"https:\/\/www.confere.org.br\/wordpress\/wp-json\/wp\/v2\/media\/7323"}],"wp:attachment":[{"href":"https:\/\/www.confere.org.br\/wordpress\/wp-json\/wp\/v2\/media?parent=8778"}],"wp:term":[{"taxonomy":"category","embeddable":true,"href":"https:\/\/www.confere.org.br\/wordpress\/wp-json\/wp\/v2\/categories?post=8778"},{"taxonomy":"post_tag","embeddable":true,"href":"https:\/\/www.confere.org.br\/wordpress\/wp-json\/wp\/v2\/tags?post=8778"}],"curies":[{"name":"wp","href":"https:\/\/api.w.org\/{rel}","templated":true}]}}