{"id":8780,"date":"2022-09-22T13:16:45","date_gmt":"2022-09-22T16:16:45","guid":{"rendered":"https:\/\/www.confere.org.br\/wordpress\/?p=8780"},"modified":"2022-10-07T10:46:55","modified_gmt":"2022-10-07T13:46:55","slug":"core-mt-comemora-dia-do-representante-comercial","status":"publish","type":"post","link":"https:\/\/www.confere.org.br\/wordpress\/core-mt-comemora-dia-do-representante-comercial\/","title":{"rendered":"Core-MT comemora o Dia do Representante Comercial"},"content":{"rendered":"\n<p>O Core-MT e o Sirecom-MT, com apoio da Fecom\u00e9rcio-MT, realizam na pr\u00f3xima sexta-feira, dia 30  de setembro, \u00e0s 19h, a palestra \u201cOs Desafios do Representante Comercial\u201d, ministrada pelo jornalista e empres\u00e1rio motivacional&nbsp; Diego Hurtado.<\/p>\n\n\n\n<p>As vagas s\u00e3o limitadas. Garanta a sua, enviando o nome completo pelo WhatssApp (65) 9213-1207.<\/p>\n\n\n\n<p><\/p>\n","protected":false},"excerpt":{"rendered":"<p>Participe!<\/p>\n","protected":false},"author":3,"featured_media":8781,"comment_status":"closed","ping_status":"closed","sticky":false,"template":"","format":"standard","meta":[],"categories":[34,17],"tags":[],"_links":{"self":[{"href":"https:\/\/www.confere.org.br\/wordpress\/wp-json\/wp\/v2\/posts\/8780"}],"collection":[{"href":"https:\/\/www.confere.org.br\/wordpress\/wp-json\/wp\/v2\/posts"}],"about":[{"href":"https:\/\/www.confere.org.br\/wordpress\/wp-json\/wp\/v2\/types\/post"}],"author":[{"embeddable":true,"href":"https:\/\/www.confere.org.br\/wordpress\/wp-json\/wp\/v2\/users\/3"}],"replies":[{"embeddable":true,"href":"https:\/\/www.confere.org.br\/wordpress\/wp-json\/wp\/v2\/comments?post=8780"}],"version-history":[{"count":2,"href":"https:\/\/www.confere.org.br\/wordpress\/wp-json\/wp\/v2\/posts\/8780\/revisions"}],"predecessor-version":[{"id":8785,"href":"https:\/\/www.confere.org.br\/wordpress\/wp-json\/wp\/v2\/posts\/8780\/revisions\/8785"}],"wp:featuredmedia":[{"embeddable":true,"href":"https:\/\/www.confere.org.br\/wordpress\/wp-json\/wp\/v2\/media\/8781"}],"wp:attachment":[{"href":"https:\/\/www.confere.org.br\/wordpress\/wp-json\/wp\/v2\/media?parent=8780"}],"wp:term":[{"taxonomy":"category","embeddable":true,"href":"https:\/\/www.confere.org.br\/wordpress\/wp-json\/wp\/v2\/categories?post=8780"},{"taxonomy":"post_tag","embeddable":true,"href":"https:\/\/www.confere.org.br\/wordpress\/wp-json\/wp\/v2\/tags?post=8780"}],"curies":[{"name":"wp","href":"https:\/\/api.w.org\/{rel}","templated":true}]}}