{"id":8790,"date":"2022-09-23T08:46:36","date_gmt":"2022-09-23T11:46:36","guid":{"rendered":"https:\/\/www.confere.org.br\/wordpress\/?p=8790"},"modified":"2022-11-18T10:10:20","modified_gmt":"2022-11-18T13:10:20","slug":"2022-ato-homologatorio-no-08-2022","status":"publish","type":"post","link":"https:\/\/www.confere.org.br\/wordpress\/2022-ato-homologatorio-no-08-2022\/","title":{"rendered":"2022 &#8211; Ato Homologat\u00f3rio n\u00ba 08\/2022"},"content":{"rendered":"\n<p>Homologa o resultado da elei\u00e7\u00e3o para composi\u00e7\u00e3o do Conselho Regional dos Representantes Comerciais no Estado de S\u00e3o Paulo &#8211; Core-SP, para o tri\u00eanio 2022\/2025.<\/p>\n\n\n\n<p><a href=\"https:\/\/www.confere.org.br\/wordpress\/wp-content\/uploads\/2022\/09\/Ato-Homologatorio_08_2022-SP.pdf\" target=\"_blank\" rel=\"noreferrer noopener\">https:\/\/www.confere.org.br\/wordpress\/wp-content\/uploads\/2022\/09\/Ato-Homologatorio_08_2022-SP.pdf<\/a><\/p>\n","protected":false},"excerpt":{"rendered":"<p>8, Ato Homologat\u00f3rio, https:\/\/www.confere.org.br\/wordpress\/wp-content\/uploads\/2022\/09\/Ato-Homologatorio_08_2022-SP.pdf<\/p>\n","protected":false},"author":3,"featured_media":0,"comment_status":"closed","ping_status":"closed","sticky":false,"template":"","format":"standard","meta":[],"categories":[52],"tags":[],"_links":{"self":[{"href":"https:\/\/www.confere.org.br\/wordpress\/wp-json\/wp\/v2\/posts\/8790"}],"collection":[{"href":"https:\/\/www.confere.org.br\/wordpress\/wp-json\/wp\/v2\/posts"}],"about":[{"href":"https:\/\/www.confere.org.br\/wordpress\/wp-json\/wp\/v2\/types\/post"}],"author":[{"embeddable":true,"href":"https:\/\/www.confere.org.br\/wordpress\/wp-json\/wp\/v2\/users\/3"}],"replies":[{"embeddable":true,"href":"https:\/\/www.confere.org.br\/wordpress\/wp-json\/wp\/v2\/comments?post=8790"}],"version-history":[{"count":1,"href":"https:\/\/www.confere.org.br\/wordpress\/wp-json\/wp\/v2\/posts\/8790\/revisions"}],"predecessor-version":[{"id":8791,"href":"https:\/\/www.confere.org.br\/wordpress\/wp-json\/wp\/v2\/posts\/8790\/revisions\/8791"}],"wp:attachment":[{"href":"https:\/\/www.confere.org.br\/wordpress\/wp-json\/wp\/v2\/media?parent=8790"}],"wp:term":[{"taxonomy":"category","embeddable":true,"href":"https:\/\/www.confere.org.br\/wordpress\/wp-json\/wp\/v2\/categories?post=8790"},{"taxonomy":"post_tag","embeddable":true,"href":"https:\/\/www.confere.org.br\/wordpress\/wp-json\/wp\/v2\/tags?post=8790"}],"curies":[{"name":"wp","href":"https:\/\/api.w.org\/{rel}","templated":true}]}}