{"id":8800,"date":"2022-09-23T10:46:46","date_gmt":"2022-09-23T13:46:46","guid":{"rendered":"https:\/\/www.confere.org.br\/wordpress\/?p=8800"},"modified":"2022-11-18T10:09:36","modified_gmt":"2022-11-18T13:09:36","slug":"2022-portaria-no-100-2","status":"publish","type":"post","link":"https:\/\/www.confere.org.br\/wordpress\/2022-portaria-no-100-2\/","title":{"rendered":"2022 &#8211; Portaria n\u00ba 100\/2022"},"content":{"rendered":"\n<p>Designa o fiscal do contrato n\u00ba 15\/2022, Presta\u00e7\u00e3o de Servi\u00e7o de Medicina Ocupacional, no \u00e2mbito do Conselho Federal dos Representantes Comerciais, e disp\u00f5e sobre suas atribui\u00e7\u00f5es.<\/p>\n\n\n\n<p><a href=\"https:\/\/www.confere.org.br\/wordpress\/wp-content\/uploads\/2022\/09\/Portaria_100-2022.pdf\">https:\/\/www.confere.org.br\/wordpress\/wp-content\/uploads\/2022\/09\/Portaria_100-2022.pdf<\/a><\/p>\n","protected":false},"excerpt":{"rendered":"<p>100, Portaria, https:\/\/www.confere.org.br\/wordpress\/wp-content\/uploads\/2022\/09\/Portaria_100-2022.pdf<\/p>\n","protected":false},"author":3,"featured_media":0,"comment_status":"closed","ping_status":"closed","sticky":false,"template":"","format":"standard","meta":[],"categories":[52],"tags":[],"_links":{"self":[{"href":"https:\/\/www.confere.org.br\/wordpress\/wp-json\/wp\/v2\/posts\/8800"}],"collection":[{"href":"https:\/\/www.confere.org.br\/wordpress\/wp-json\/wp\/v2\/posts"}],"about":[{"href":"https:\/\/www.confere.org.br\/wordpress\/wp-json\/wp\/v2\/types\/post"}],"author":[{"embeddable":true,"href":"https:\/\/www.confere.org.br\/wordpress\/wp-json\/wp\/v2\/users\/3"}],"replies":[{"embeddable":true,"href":"https:\/\/www.confere.org.br\/wordpress\/wp-json\/wp\/v2\/comments?post=8800"}],"version-history":[{"count":3,"href":"https:\/\/www.confere.org.br\/wordpress\/wp-json\/wp\/v2\/posts\/8800\/revisions"}],"predecessor-version":[{"id":8805,"href":"https:\/\/www.confere.org.br\/wordpress\/wp-json\/wp\/v2\/posts\/8800\/revisions\/8805"}],"wp:attachment":[{"href":"https:\/\/www.confere.org.br\/wordpress\/wp-json\/wp\/v2\/media?parent=8800"}],"wp:term":[{"taxonomy":"category","embeddable":true,"href":"https:\/\/www.confere.org.br\/wordpress\/wp-json\/wp\/v2\/categories?post=8800"},{"taxonomy":"post_tag","embeddable":true,"href":"https:\/\/www.confere.org.br\/wordpress\/wp-json\/wp\/v2\/tags?post=8800"}],"curies":[{"name":"wp","href":"https:\/\/api.w.org\/{rel}","templated":true}]}}