{"id":8806,"date":"2022-09-23T11:01:12","date_gmt":"2022-09-23T14:01:12","guid":{"rendered":"https:\/\/www.confere.org.br\/wordpress\/?p=8806"},"modified":"2022-11-18T10:09:26","modified_gmt":"2022-11-18T13:09:26","slug":"2022-portaria-no-101-2022","status":"publish","type":"post","link":"https:\/\/www.confere.org.br\/wordpress\/2022-portaria-no-101-2022\/","title":{"rendered":"2022 &#8211; Portaria n\u00ba 101\/2022"},"content":{"rendered":"\n<p>Designa o fiscal do contrato n\u00ba 20\/2020, Contrato de Presta\u00e7\u00e3o de Servi\u00e7os de Terceiriza\u00e7\u00e3o de M\u00e3o de Obra no Confere-Bras\u00edlia, no \u00e2mbito do Conselho Federal dos Representantes Comerciais, disp\u00f5e sobre suas atribui\u00e7\u00f5es.<\/p>\n\n\n\n<p><a href=\"https:\/\/www.confere.org.br\/wordpress\/wp-content\/uploads\/2022\/09\/Portaria-101-2022.pdf\">https:\/\/www.confere.org.br\/wordpress\/wp-content\/uploads\/2022\/09\/Portaria-101-2022.pdf<\/a><\/p>\n","protected":false},"excerpt":{"rendered":"<p>101, Portaria, https:\/\/www.confere.org.br\/wordpress\/wp-content\/uploads\/2022\/09\/Portaria-101-2022.pdf<\/p>\n","protected":false},"author":3,"featured_media":0,"comment_status":"closed","ping_status":"closed","sticky":false,"template":"","format":"standard","meta":[],"categories":[52],"tags":[],"_links":{"self":[{"href":"https:\/\/www.confere.org.br\/wordpress\/wp-json\/wp\/v2\/posts\/8806"}],"collection":[{"href":"https:\/\/www.confere.org.br\/wordpress\/wp-json\/wp\/v2\/posts"}],"about":[{"href":"https:\/\/www.confere.org.br\/wordpress\/wp-json\/wp\/v2\/types\/post"}],"author":[{"embeddable":true,"href":"https:\/\/www.confere.org.br\/wordpress\/wp-json\/wp\/v2\/users\/3"}],"replies":[{"embeddable":true,"href":"https:\/\/www.confere.org.br\/wordpress\/wp-json\/wp\/v2\/comments?post=8806"}],"version-history":[{"count":1,"href":"https:\/\/www.confere.org.br\/wordpress\/wp-json\/wp\/v2\/posts\/8806\/revisions"}],"predecessor-version":[{"id":8808,"href":"https:\/\/www.confere.org.br\/wordpress\/wp-json\/wp\/v2\/posts\/8806\/revisions\/8808"}],"wp:attachment":[{"href":"https:\/\/www.confere.org.br\/wordpress\/wp-json\/wp\/v2\/media?parent=8806"}],"wp:term":[{"taxonomy":"category","embeddable":true,"href":"https:\/\/www.confere.org.br\/wordpress\/wp-json\/wp\/v2\/categories?post=8806"},{"taxonomy":"post_tag","embeddable":true,"href":"https:\/\/www.confere.org.br\/wordpress\/wp-json\/wp\/v2\/tags?post=8806"}],"curies":[{"name":"wp","href":"https:\/\/api.w.org\/{rel}","templated":true}]}}