{"id":8813,"date":"2022-09-23T11:20:22","date_gmt":"2022-09-23T14:20:22","guid":{"rendered":"https:\/\/www.confere.org.br\/wordpress\/?p=8813"},"modified":"2022-10-11T10:38:41","modified_gmt":"2022-10-11T13:38:41","slug":"dispensa-eletronica-no-030-2022-software-de-relogio-de-ponto","status":"publish","type":"post","link":"https:\/\/www.confere.org.br\/wordpress\/dispensa-eletronica-no-030-2022-software-de-relogio-de-ponto\/","title":{"rendered":"Dispensa Eletr\u00f4nica n\u00ba 030\/2022 &#8211; Software de rel\u00f3gio de Ponto"},"content":{"rendered":"\n<ul><li><a href=\"https:\/\/www.confere.org.br\/wordpress\/wp-content\/uploads\/2022\/09\/TR_Software_Ponto_-_3_assinado_assinado-1.pdf\" target=\"_blank\" rel=\"noreferrer noopener\">Termo de Refer\u00eancia<\/a><\/li><li><a href=\"https:\/\/www.confere.org.br\/wordpress\/wp-content\/uploads\/2022\/09\/DESPACHO_TR_RELOGIO_DE_PONTO-final.pdf\" target=\"_blank\" rel=\"noreferrer noopener\">Autoriza\u00e7\u00e3o do Ordenador de Despesa para Publica\u00e7\u00e3o<\/a><\/li><li>Link PNCP:&nbsp;<a rel=\"noreferrer noopener\" href=\"https:\/\/pncp.gov.br\/app\/editais\/34046367000168\/2022\/31\" target=\"_blank\">https:\/\/pncp.gov.br\/app\/editais\/34046367000168\/2022\/31<\/a><\/li><\/ul>\n","protected":false},"excerpt":{"rendered":"<p>Termo de Refer\u00eancia Autoriza\u00e7\u00e3o do Ordenador de Despesa para Publica\u00e7\u00e3o Link PNCP:&nbsp;https:\/\/pncp.gov.br\/app\/editais\/34046367000168\/2022\/31<\/p>\n","protected":false},"author":3,"featured_media":0,"comment_status":"closed","ping_status":"closed","sticky":false,"template":"","format":"standard","meta":[],"categories":[60],"tags":[],"_links":{"self":[{"href":"https:\/\/www.confere.org.br\/wordpress\/wp-json\/wp\/v2\/posts\/8813"}],"collection":[{"href":"https:\/\/www.confere.org.br\/wordpress\/wp-json\/wp\/v2\/posts"}],"about":[{"href":"https:\/\/www.confere.org.br\/wordpress\/wp-json\/wp\/v2\/types\/post"}],"author":[{"embeddable":true,"href":"https:\/\/www.confere.org.br\/wordpress\/wp-json\/wp\/v2\/users\/3"}],"replies":[{"embeddable":true,"href":"https:\/\/www.confere.org.br\/wordpress\/wp-json\/wp\/v2\/comments?post=8813"}],"version-history":[{"count":2,"href":"https:\/\/www.confere.org.br\/wordpress\/wp-json\/wp\/v2\/posts\/8813\/revisions"}],"predecessor-version":[{"id":9089,"href":"https:\/\/www.confere.org.br\/wordpress\/wp-json\/wp\/v2\/posts\/8813\/revisions\/9089"}],"wp:attachment":[{"href":"https:\/\/www.confere.org.br\/wordpress\/wp-json\/wp\/v2\/media?parent=8813"}],"wp:term":[{"taxonomy":"category","embeddable":true,"href":"https:\/\/www.confere.org.br\/wordpress\/wp-json\/wp\/v2\/categories?post=8813"},{"taxonomy":"post_tag","embeddable":true,"href":"https:\/\/www.confere.org.br\/wordpress\/wp-json\/wp\/v2\/tags?post=8813"}],"curies":[{"name":"wp","href":"https:\/\/api.w.org\/{rel}","templated":true}]}}