{"id":8836,"date":"2022-09-26T15:59:16","date_gmt":"2022-09-26T18:59:16","guid":{"rendered":"https:\/\/www.confere.org.br\/wordpress\/?p=8836"},"modified":"2022-10-18T12:27:17","modified_gmt":"2022-10-18T14:27:17","slug":"dispensa-eletronica-no-032-2022-aquisicao-de-comendas","status":"publish","type":"post","link":"https:\/\/www.confere.org.br\/wordpress\/dispensa-eletronica-no-032-2022-aquisicao-de-comendas\/","title":{"rendered":"Dispensa Eletr\u00f4nica n\u00ba 032\/2022 &#8211; Aquisi\u00e7\u00e3o de Comendas"},"content":{"rendered":"\n<ul><li><a rel=\"noreferrer noopener\" href=\"https:\/\/www.confere.org.br\/wordpress\/wp-content\/uploads\/2022\/09\/Termo-de-Referencia-Comendas.pdf\" target=\"_blank\">Termo de Refer\u00eancia<\/a><\/li><li><a rel=\"noreferrer noopener\" href=\"https:\/\/www.confere.org.br\/wordpress\/wp-content\/uploads\/2022\/09\/Autorizacao-do-Ordenador.pdf\" target=\"_blank\">Autoriza\u00e7\u00e3o do Ordenador de Despesa para Publica\u00e7\u00e3o<\/a><\/li><li>Link PNCP:\u00a0<a rel=\"noreferrer noopener\" href=\"https:\/\/pncp.gov.br\/app\/editais\/34046367000168\/2022\/32\" target=\"_blank\">Portal Nacional de Contrata\u00e7\u00f5es P\u00fablicas (pncp.gov.br)<\/a><\/li><li>17\/10\/2022 &#8211; <a href=\"https:\/\/www.confere.org.br\/wordpress\/wp-content\/uploads\/2022\/10\/relatorio_dispensa_389047_322022.pdf\" target=\"_blank\" rel=\"noreferrer noopener\">RELAT\u00d3RIO HOMOLOGADO<\/a><\/li><\/ul>\n\n\n\n<p><\/p>\n","protected":false},"excerpt":{"rendered":"<p>Termo de Refer\u00eancia Autoriza\u00e7\u00e3o do Ordenador de Despesa para Publica\u00e7\u00e3o Link PNCP:\u00a0Portal Nacional de Contrata\u00e7\u00f5es P\u00fablicas (pncp.gov.br) 17\/10\/2022 &#8211; RELAT\u00d3RIO HOMOLOGADO<\/p>\n","protected":false},"author":3,"featured_media":0,"comment_status":"closed","ping_status":"closed","sticky":false,"template":"","format":"standard","meta":[],"categories":[60],"tags":[],"_links":{"self":[{"href":"https:\/\/www.confere.org.br\/wordpress\/wp-json\/wp\/v2\/posts\/8836"}],"collection":[{"href":"https:\/\/www.confere.org.br\/wordpress\/wp-json\/wp\/v2\/posts"}],"about":[{"href":"https:\/\/www.confere.org.br\/wordpress\/wp-json\/wp\/v2\/types\/post"}],"author":[{"embeddable":true,"href":"https:\/\/www.confere.org.br\/wordpress\/wp-json\/wp\/v2\/users\/3"}],"replies":[{"embeddable":true,"href":"https:\/\/www.confere.org.br\/wordpress\/wp-json\/wp\/v2\/comments?post=8836"}],"version-history":[{"count":3,"href":"https:\/\/www.confere.org.br\/wordpress\/wp-json\/wp\/v2\/posts\/8836\/revisions"}],"predecessor-version":[{"id":9220,"href":"https:\/\/www.confere.org.br\/wordpress\/wp-json\/wp\/v2\/posts\/8836\/revisions\/9220"}],"wp:attachment":[{"href":"https:\/\/www.confere.org.br\/wordpress\/wp-json\/wp\/v2\/media?parent=8836"}],"wp:term":[{"taxonomy":"category","embeddable":true,"href":"https:\/\/www.confere.org.br\/wordpress\/wp-json\/wp\/v2\/categories?post=8836"},{"taxonomy":"post_tag","embeddable":true,"href":"https:\/\/www.confere.org.br\/wordpress\/wp-json\/wp\/v2\/tags?post=8836"}],"curies":[{"name":"wp","href":"https:\/\/api.w.org\/{rel}","templated":true}]}}