{"id":8898,"date":"2022-09-30T13:33:50","date_gmt":"2022-09-30T16:33:50","guid":{"rendered":"https:\/\/www.confere.org.br\/wordpress\/?p=8898"},"modified":"2022-10-07T10:43:54","modified_gmt":"2022-10-07T13:43:54","slug":"1o-de-outubro","status":"publish","type":"post","link":"https:\/\/www.confere.org.br\/wordpress\/1o-de-outubro\/","title":{"rendered":"1\u00ba de outubro &#8211; Dia Pan-americano do Representante Comercial"},"content":{"rendered":"\n<p>O representante comercial \u00e9 o respons\u00e1vel pela comercializa\u00e7\u00e3o de produtos e mercadorias produzidos nas diversas regi\u00f5es do Brasil, em todos os locais e segmentos. \u00c9 o profissional da distribui\u00e7\u00e3o e do abastecimento do nosso vasto mercado de consumo.<\/p>\n\n\n\n<p>Esse m\u00eas estamos em festa e \u00e9 com muito orgulho que homenageamos os profissionais da Representa\u00e7\u00e3o Comercial, que todos os dias superam desafios, vencem barreiras e conquistam resultados.<\/p>\n\n\n\n<figure class=\"wp-block-image size-full is-resized\"><a href=\"https:\/\/www.youtube.com\/watch?v=513PofXkQTE\" target=\"_blank\" rel=\"noopener\"><img src=\"https:\/\/www.confere.org.br\/wordpress\/wp-content\/uploads\/2022\/09\/video-dia-do-rc-archimedes.jpg\" alt=\"\" class=\"wp-image-8908\" width=\"584\" height=\"438\" srcset=\"https:\/\/www.confere.org.br\/wordpress\/wp-content\/uploads\/2022\/09\/video-dia-do-rc-archimedes.jpg 900w, https:\/\/www.confere.org.br\/wordpress\/wp-content\/uploads\/2022\/09\/video-dia-do-rc-archimedes-300x225.jpg 300w, https:\/\/www.confere.org.br\/wordpress\/wp-content\/uploads\/2022\/09\/video-dia-do-rc-archimedes-768x576.jpg 768w\" sizes=\"(max-width: 584px) 100vw, 584px\" \/><\/a><\/figure>\n\n\n\n<p><a rel=\"noreferrer noopener\" href=\"https:\/\/www.youtube.com\/watch?v=513PofXkQTE\" target=\"_blank\">Mensagem do presidente do Confere aos Representantes Comerciais!<\/a><\/p>\n\n\n\n<p><\/p>\n\n\n\n<figure class=\"wp-block-image size-full is-resized\"><a href=\"https:\/\/www.youtube.com\/watch?v=nfq1v2NIlLk\" target=\"_blank\" rel=\"noopener\"><img src=\"https:\/\/www.confere.org.br\/wordpress\/wp-content\/uploads\/2022\/09\/video-dia-do-rc-destaque.jpg\" alt=\"\" class=\"wp-image-8907\" width=\"590\" height=\"443\" srcset=\"https:\/\/www.confere.org.br\/wordpress\/wp-content\/uploads\/2022\/09\/video-dia-do-rc-destaque.jpg 900w, https:\/\/www.confere.org.br\/wordpress\/wp-content\/uploads\/2022\/09\/video-dia-do-rc-destaque-300x225.jpg 300w, https:\/\/www.confere.org.br\/wordpress\/wp-content\/uploads\/2022\/09\/video-dia-do-rc-destaque-768x576.jpg 768w\" sizes=\"(max-width: 590px) 100vw, 590px\" \/><\/a><\/figure>\n\n\n\n<p><a href=\"https:\/\/www.youtube.com\/watch?v=nfq1v2NIlLk\" target=\"_blank\" rel=\"noreferrer noopener\">Clique aqui e assista a homenagem que preparamos para voc\u00ea!<\/a><\/p>\n\n\n\n<p>1\u00ba de outubro<br>Dia Pan-americano do Representante Comercial<\/p>\n\n\n\n<p>Sistema Confere\/Cores \u2013 Juntos somos mais fortes.<\/p>\n","protected":false},"excerpt":{"rendered":"<p>Mensagem do presidente do Confere aos Representantes Comerciais!<\/p>\n","protected":false},"author":3,"featured_media":8896,"comment_status":"closed","ping_status":"closed","sticky":false,"template":"","format":"standard","meta":[],"categories":[34,17],"tags":[],"_links":{"self":[{"href":"https:\/\/www.confere.org.br\/wordpress\/wp-json\/wp\/v2\/posts\/8898"}],"collection":[{"href":"https:\/\/www.confere.org.br\/wordpress\/wp-json\/wp\/v2\/posts"}],"about":[{"href":"https:\/\/www.confere.org.br\/wordpress\/wp-json\/wp\/v2\/types\/post"}],"author":[{"embeddable":true,"href":"https:\/\/www.confere.org.br\/wordpress\/wp-json\/wp\/v2\/users\/3"}],"replies":[{"embeddable":true,"href":"https:\/\/www.confere.org.br\/wordpress\/wp-json\/wp\/v2\/comments?post=8898"}],"version-history":[{"count":5,"href":"https:\/\/www.confere.org.br\/wordpress\/wp-json\/wp\/v2\/posts\/8898\/revisions"}],"predecessor-version":[{"id":8912,"href":"https:\/\/www.confere.org.br\/wordpress\/wp-json\/wp\/v2\/posts\/8898\/revisions\/8912"}],"wp:featuredmedia":[{"embeddable":true,"href":"https:\/\/www.confere.org.br\/wordpress\/wp-json\/wp\/v2\/media\/8896"}],"wp:attachment":[{"href":"https:\/\/www.confere.org.br\/wordpress\/wp-json\/wp\/v2\/media?parent=8898"}],"wp:term":[{"taxonomy":"category","embeddable":true,"href":"https:\/\/www.confere.org.br\/wordpress\/wp-json\/wp\/v2\/categories?post=8898"},{"taxonomy":"post_tag","embeddable":true,"href":"https:\/\/www.confere.org.br\/wordpress\/wp-json\/wp\/v2\/tags?post=8898"}],"curies":[{"name":"wp","href":"https:\/\/api.w.org\/{rel}","templated":true}]}}