{"id":8920,"date":"2022-10-03T09:56:10","date_gmt":"2022-10-03T12:56:10","guid":{"rendered":"https:\/\/www.confere.org.br\/wordpress\/?p=8920"},"modified":"2022-11-18T10:09:05","modified_gmt":"2022-11-18T13:09:05","slug":"2022-resolucao-no-2-041-2022","status":"publish","type":"post","link":"https:\/\/www.confere.org.br\/wordpress\/2022-resolucao-no-2-041-2022\/","title":{"rendered":"2022 &#8211; Resolu\u00e7\u00e3o n\u00ba 2.041\/2022"},"content":{"rendered":"\n<p>Corrige os valores m\u00e1ximos autorizados pela Lei n\u00ba 4.886, de 09.12.1965, com as altera\u00e7\u00f5es da Lei n\u00ba 12.246, de 27.05.2010, e fixa as anuidades para o exerc\u00edcio de 2023, que ser\u00e3o cobradas pelos Conselhos Regionais dos Representantes Comerciais das pessoas f\u00edsicas e jur\u00eddicas neles registradas e d\u00e1 outras provid\u00eancias.<\/p>\n\n\n\n<p><a href=\"https:\/\/www.confere.org.br\/wordpress\/wp-content\/uploads\/2022\/10\/RESOLUCAO_2041_2022.pdf\">https:\/\/www.confere.org.br\/wordpress\/wp-content\/uploads\/2022\/10\/RESOLUCAO_2041_2022.pdf<\/a><\/p>\n","protected":false},"excerpt":{"rendered":"<p>2.041, Resolu\u00e7\u00e3o, https:\/\/www.confere.org.br\/wordpress\/wp-content\/uploads\/2022\/10\/RESOLUCAO_2041_2022.pdf<\/p>\n","protected":false},"author":3,"featured_media":0,"comment_status":"closed","ping_status":"closed","sticky":false,"template":"","format":"standard","meta":[],"categories":[18,52],"tags":[],"_links":{"self":[{"href":"https:\/\/www.confere.org.br\/wordpress\/wp-json\/wp\/v2\/posts\/8920"}],"collection":[{"href":"https:\/\/www.confere.org.br\/wordpress\/wp-json\/wp\/v2\/posts"}],"about":[{"href":"https:\/\/www.confere.org.br\/wordpress\/wp-json\/wp\/v2\/types\/post"}],"author":[{"embeddable":true,"href":"https:\/\/www.confere.org.br\/wordpress\/wp-json\/wp\/v2\/users\/3"}],"replies":[{"embeddable":true,"href":"https:\/\/www.confere.org.br\/wordpress\/wp-json\/wp\/v2\/comments?post=8920"}],"version-history":[{"count":1,"href":"https:\/\/www.confere.org.br\/wordpress\/wp-json\/wp\/v2\/posts\/8920\/revisions"}],"predecessor-version":[{"id":8921,"href":"https:\/\/www.confere.org.br\/wordpress\/wp-json\/wp\/v2\/posts\/8920\/revisions\/8921"}],"wp:attachment":[{"href":"https:\/\/www.confere.org.br\/wordpress\/wp-json\/wp\/v2\/media?parent=8920"}],"wp:term":[{"taxonomy":"category","embeddable":true,"href":"https:\/\/www.confere.org.br\/wordpress\/wp-json\/wp\/v2\/categories?post=8920"},{"taxonomy":"post_tag","embeddable":true,"href":"https:\/\/www.confere.org.br\/wordpress\/wp-json\/wp\/v2\/tags?post=8920"}],"curies":[{"name":"wp","href":"https:\/\/api.w.org\/{rel}","templated":true}]}}